{"id":355,"date":"2025-09-16T10:31:00","date_gmt":"2025-09-16T08:31:00","guid":{"rendered":"https:\/\/cuberg.net\/fr\/?p=355"},"modified":"2025-09-14T19:12:37","modified_gmt":"2025-09-14T17:12:37","slug":"reservistes-de-larmee-voici-lage-maximum-pour-desormais-sengager-en-cas-de-conflit","status":"publish","type":"post","link":"https:\/\/cuberg.net\/fr\/reservistes-de-larmee-voici-lage-maximum-pour-desormais-sengager-en-cas-de-conflit\/","title":{"rendered":"R\u00e9servistes de l&rsquo;arm\u00e9e : voici l&rsquo;\u00e2ge maximum pour d\u00e9sormais s&rsquo;engager en cas de conflit"},"content":{"rendered":"\n<p>La strat\u00e9gie de d\u00e9fense nationale fran\u00e7aise s&rsquo;ajuste aux r\u00e9alit\u00e9s actuelles en adaptant les crit\u00e8res de recrutement pour les r\u00e9servistes. Une r\u00e9forme majeure concerne d\u00e9sormais la limite d&rsquo;\u00e2ge maximale d&rsquo;engagement, ouvrant la voie \u00e0 une plus grande participation des citoyens \u00e0 la protection du pays. Cette \u00e9volution tactique intervient dans un contexte g\u00e9opolitique tendu o\u00f9 la France cherche \u00e0 renforcer ses capacit\u00e9s d\u00e9fensives.<\/p>\n\n\n\n<h2 class=\"wp-block-heading\">La nouvelle limite d&rsquo;\u00e2ge pour int\u00e9grer la r\u00e9serve militaire<\/h2>\n\n\n\n<p>L&rsquo;ann\u00e9e 2025 marque un moment d\u00e9cisif pour la r\u00e9serve militaire fran\u00e7aise avec une <strong>hausse significative des limites d&rsquo;\u00e2ge<\/strong>. D\u00e9sormais, les individus peuvent s&rsquo;engager jusqu&rsquo;\u00e0 70 ans pour les postes standards et m\u00eame jusqu&rsquo;\u00e0 72 ans pour des r\u00f4les sp\u00e9cialis\u00e9s. Cette extension repr\u00e9sente une augmentation notable par rapport \u00e0 l&rsquo;ancienne limite de 65 ans.<\/p>\n\n\n\n<p>La r\u00e9serve citoyenne, moins contraignante sur le plan physique et sans engagement direct dans des op\u00e9rations, reste ouverte d\u00e8s l&rsquo;\u00e2ge de 17 ans sans imposer de limite d&rsquo;\u00e2ge maximale stricte. Cette flexibilit\u00e9 permet d&rsquo;accueillir des profils divers \u00e0 diff\u00e9rents stades de leur carri\u00e8re professionnelle.<\/p>\n\n\n\n<p>Cette r\u00e9forme d\u00e9coule directement des ajustements apport\u00e9s \u00e0 la <strong>loi de programmation militaire lanc\u00e9e en 2023<\/strong> par l&rsquo;ancien ministre des Arm\u00e9es S\u00e9bastien Lecornu. Elle s&rsquo;inscrit dans la lign\u00e9e des adaptations observ\u00e9es dans d&rsquo;autres secteurs professionnels concernant l&#8217;emploi des travailleurs seniors.<\/p>\n\n\n\n<figure class=\"wp-block-table\"><table class=\"has-fixed-layout\"><tbody><tr><th>Type de r\u00e9serve<\/th><th>\u00c2ge minimum<\/th><th>\u00c2ge maximum (avant r\u00e9forme)<\/th><th>\u00c2ge maximum (apr\u00e8s r\u00e9forme)<\/th><\/tr><tr><td>Op\u00e9rationnelle (postes standards)<\/td><td>17 ans<\/td><td>65 ans<\/td><td>70 ans<\/td><\/tr><tr><td>Op\u00e9rationnelle (r\u00f4les sp\u00e9cialis\u00e9s)<\/td><td>17 ans<\/td><td>65 ans (+5 pour anciens militaires)<\/td><td>72 ans<\/td><\/tr><tr><td>Citoyenne<\/td><td>17 ans<\/td><td>Pas de limite stricte<\/td><td>Pas de limite stricte<\/td><\/tr><\/tbody><\/table><\/figure>\n\n\n\n<h2 class=\"wp-block-heading\">Les raisons de l&rsquo;ouverture aux seniors dans les r\u00e9serves<\/h2>\n\n\n\n<p>Cette \u00e9volution majeure r\u00e9pond \u00e0 plusieurs imp\u00e9ratifs strat\u00e9giques dans un contexte mondial de plus en plus incertain. L&rsquo;objectif principal est de <strong>doublement des effectifs de r\u00e9servistes<\/strong>, une ambition pr\u00e9sidentielle face aux tensions g\u00e9opolitiques croissantes telles que la guerre en Ukraine, la mont\u00e9e du terrorisme et la multiplication des cybermenaces.<\/p>\n\n\n\n<p>L&rsquo;int\u00e9gration de seniors permet d&rsquo;apporter des comp\u00e9tences pr\u00e9cieuses dans des domaines tels que :<\/p>\n\n\n\n<ul class=\"wp-block-list\">\n<li>Renseignement et analyse strat\u00e9gique<\/li>\n\n\n\n<li>Cyberd\u00e9fense et s\u00e9curit\u00e9 informatique<\/li>\n\n\n\n<li>Logistique et gestion des ressources<\/li>\n\n\n\n<li>M\u00e9decine militaire et services de sant\u00e9<\/li>\n\n\n\n<li>Communication et relations internationales<\/li>\n<\/ul>\n\n\n\n<p>Ces expertises ne requi\u00e8rent pas toujours une condition physique exceptionnelle, mais exigent une exp\u00e9rience approfondie que poss\u00e8dent souvent les professionnels chevronn\u00e9s. Cette d\u00e9marche s&rsquo;accompagne d&rsquo;une <em>augmentation significative du budget<\/em> avec la loi de programmation militaire 2024-2030 pr\u00e9voyant une enveloppe de 413 milliards d&rsquo;euros.<\/p>\n\n\n\n<h2 class=\"wp-block-heading\">Les impacts concrets sur les capacit\u00e9s d\u00e9fensives fran\u00e7aises<\/h2>\n\n\n\n<p>L&rsquo;extension des crit\u00e8res d&rsquo;\u00e2ge transforme en profondeur le profil et les capacit\u00e9s de la r\u00e9serve militaire fran\u00e7aise. Au-del\u00e0 de l&rsquo;aspect quantitatif, cette \u00e9volution permet une <strong>diversification qualitative des comp\u00e9tences disponibles<\/strong>. Les r\u00e9servistes seniors peuvent occuper des fonctions sp\u00e9cialis\u00e9es, lib\u00e9rant ainsi les effectifs plus jeunes pour des missions op\u00e9rationnelles physiquement exigeantes.<\/p>\n\n\n\n<p>Pour les \u00e9tats-majors, cette r\u00e9forme offre une plus grande flexibilit\u00e9 dans la gestion des ressources humaines. Le recours \u00e0 des experts seniors permet de r\u00e9pondre de mani\u00e8re pr\u00e9cise \u00e0 des besoins sp\u00e9cifiques sans d\u00e9tourner les effectifs r\u00e9guliers de leurs missions principales.<\/p>\n\n\n\n<p>Les avantages strat\u00e9giques comprennent :<\/p>\n\n\n\n<ol class=\"wp-block-list\">\n<li>Transmission interg\u00e9n\u00e9rationnelle des connaissances au sein des forces arm\u00e9es<\/li>\n\n\n\n<li>Renforcement des liens entre l&rsquo;arm\u00e9e et la soci\u00e9t\u00e9 civile<\/li>\n\n\n\n<li>Meilleure r\u00e9silience face aux crises diverses<\/li>\n\n\n\n<li>Optimisation des ressources humaines disponibles<\/li>\n<\/ol>\n\n\n\n<p>Cette modernisation s&rsquo;inscrit parfaitement dans l&rsquo;adaptation globale des forces arm\u00e9es fran\u00e7aises aux d\u00e9fis du XXIe si\u00e8cle. En capitalisant sur <em>l&rsquo;exp\u00e9rience des a\u00een\u00e9s tout en maintenant une vigueur op\u00e9rationnelle<\/em>, la France se dote d&rsquo;un outil d\u00e9fensif plus complet face aux menaces contemporaines.<\/p>\n\n\n\n<p>Le budget annuel de la d\u00e9fense augmentera progressivement de 43,9 milliards en 2023 \u00e0 69 milliards en 2030, avec des hausses annuelles de 3 \u00e0 4 milliards, permettant ainsi de financer cette expansion strat\u00e9gique des r\u00e9serves et d&rsquo;am\u00e9liorer les conditions de service des r\u00e9servistes de tous \u00e2ges.<\/p>\n","protected":false},"excerpt":{"rendered":"<p>La strat\u00e9gie de d\u00e9fense nationale fran\u00e7aise s&rsquo;ajuste aux r\u00e9alit\u00e9s actuelles en adaptant les crit\u00e8res de recrutement pour les r\u00e9servistes. Une r\u00e9forme majeure concerne d\u00e9sormais la limite d&rsquo;\u00e2ge maximale d&rsquo;engagement, ouvrant la voie \u00e0 une plus grande participation des citoyens \u00e0 la protection du pays. Cette \u00e9volution tactique intervient dans un contexte g\u00e9opolitique tendu o\u00f9 la [&hellip;]<\/p>\n","protected":false},"author":1,"featured_media":356,"comment_status":"open","ping_status":"open","sticky":false,"template":"","format":"standard","meta":{"_seopress_robots_primary_cat":"","_seopress_titles_title":"","_seopress_titles_desc":"","_seopress_robots_index":"","footnotes":""},"categories":[16],"tags":[],"class_list":{"0":"post-355","1":"post","2":"type-post","3":"status-publish","4":"format-standard","5":"has-post-thumbnail","7":"category-business"},"_links":{"self":[{"href":"https:\/\/cuberg.net\/fr\/wp-json\/wp\/v2\/posts\/355","targetHints":{"allow":["GET"]}}],"collection":[{"href":"https:\/\/cuberg.net\/fr\/wp-json\/wp\/v2\/posts"}],"about":[{"href":"https:\/\/cuberg.net\/fr\/wp-json\/wp\/v2\/types\/post"}],"author":[{"embeddable":true,"href":"https:\/\/cuberg.net\/fr\/wp-json\/wp\/v2\/users\/1"}],"replies":[{"embeddable":true,"href":"https:\/\/cuberg.net\/fr\/wp-json\/wp\/v2\/comments?post=355"}],"version-history":[{"count":1,"href":"https:\/\/cuberg.net\/fr\/wp-json\/wp\/v2\/posts\/355\/revisions"}],"predecessor-version":[{"id":1229,"href":"https:\/\/cuberg.net\/fr\/wp-json\/wp\/v2\/posts\/355\/revisions\/1229"}],"wp:featuredmedia":[{"embeddable":true,"href":"https:\/\/cuberg.net\/fr\/wp-json\/wp\/v2\/media\/356"}],"wp:attachment":[{"href":"https:\/\/cuberg.net\/fr\/wp-json\/wp\/v2\/media?parent=355"}],"wp:term":[{"taxonomy":"category","embeddable":true,"href":"https:\/\/cuberg.net\/fr\/wp-json\/wp\/v2\/categories?post=355"},{"taxonomy":"post_tag","embeddable":true,"href":"https:\/\/cuberg.net\/fr\/wp-json\/wp\/v2\/tags?post=355"}],"curies":[{"name":"wp","href":"https:\/\/api.w.org\/{rel}","templated":true}]}}