{"id":373,"date":"2025-09-14T07:35:00","date_gmt":"2025-09-14T05:35:00","guid":{"rendered":"https:\/\/cuberg.net\/fr\/?p=373"},"modified":"2025-09-09T17:03:20","modified_gmt":"2025-09-09T15:03:20","slug":"ce-nouveau-radar-ultra-performant-arrive-sur-les-routes-en-france-il-flashe-meme-sans-exces-de-vitesse","status":"publish","type":"post","link":"https:\/\/cuberg.net\/fr\/ce-nouveau-radar-ultra-performant-arrive-sur-les-routes-en-france-il-flashe-meme-sans-exces-de-vitesse\/","title":{"rendered":"Ce nouveau radar ultra-performant arrive sur les routes en France : il flashe m\u00eame sans exc\u00e8s de vitesse&#8230;"},"content":{"rendered":"\n<p>La surveillance routi\u00e8re atteint un niveau sup\u00e9rieur en France avec l&rsquo;introduction imminente d&rsquo;un syst\u00e8me r\u00e9volutionnaire. L&rsquo;<strong>hydre, un radar acoustique de derni\u00e8re g\u00e9n\u00e9ration<\/strong>, va r\u00e9volutionner notre approche de la conduite en ciblant non plus la vitesse, mais le niveau sonore excessif des v\u00e9hicules. D\u00e9couvrons ensemble les caract\u00e9ristiques de cette technologie novatrice qui sera d\u00e9ploy\u00e9e sur les routes fran\u00e7aises en 2025.<\/p>\n\n\n\n<h2 class=\"wp-block-heading\">La r\u00e9volution acoustique qui modifie les r\u00e8gles du jeu<\/h2>\n\n\n\n<p>L&rsquo;hydre repr\u00e9sente une <strong>avanc\u00e9e majeure dans la gamme des radars routiers<\/strong>. Contrairement aux dispositifs classiques que nous connaissons, ce radar se concentre non pas sur la vitesse, mais sur le bruit \u00e9mis par les v\u00e9hicules. Con\u00e7u par Bruitparif, un organisme sp\u00e9cialis\u00e9 dans la lutte contre les nuisances sonores, ce syst\u00e8me est \u00e9quip\u00e9 de deux unit\u00e9s acoustiques, chacune dot\u00e9e de quatre microphones ultrasensibles.<\/p>\n\n\n\n<p>Cette configuration technique lui conf\u00e8re des capacit\u00e9s exceptionnelles :<\/p>\n\n\n\n<ul class=\"wp-block-list\">\n<li>D\u00e9tection pr\u00e9cise des v\u00e9hicules bruyants dans un rayon de 15 m\u00e8tres<\/li>\n\n\n\n<li>Fonctionnement optimal m\u00eame en cas de trafic dense<\/li>\n\n\n\n<li>Identification pr\u00e9cise de la source exacte du bruit excessif<\/li>\n\n\n\n<li>Mesure instantan\u00e9e des d\u00e9cibels \u00e9mis par chaque v\u00e9hicule<\/li>\n<\/ul>\n\n\n\n<p>Le principe est simple mais efficace : lorsque le niveau sonore d&rsquo;un v\u00e9hicule d\u00e9passe la limite autoris\u00e9e, l&rsquo;hydre le flashera automatiquement, m\u00eame si sa vitesse est conforme \u00e0 la r\u00e9glementation. <em>Cette approche novatrice vise directement les comportements g\u00e9n\u00e9rant une pollution sonore excessive<\/em>, qu&rsquo;il s&rsquo;agisse d&rsquo;un pot d&rsquo;\u00e9chappement modifi\u00e9, d&rsquo;un moteur mal entretenu ou d&rsquo;une acc\u00e9l\u00e9ration brusque.<\/p>\n\n\n\n<h2 class=\"wp-block-heading\">Exp\u00e9rimentation r\u00e9ussie et d\u00e9ploiement \u00e0 l&rsquo;\u00e9chelle nationale<\/h2>\n\n\n\n<p>Avant son homologation officielle pr\u00e9vue pour le printemps 2025, l&rsquo;hydre a \u00e9t\u00e9 test\u00e9e avec succ\u00e8s lors d&rsquo;une <strong>phase d&rsquo;exp\u00e9rimentation concluante men\u00e9e en 2022<\/strong>. Sept villes fran\u00e7aises r\u00e9parties sur le territoire ont servi de terrain d&rsquo;essai pour cette technologie prometteuse.<\/p>\n\n\n\n<figure class=\"wp-block-table\"><table class=\"has-fixed-layout\"><thead><tr><th>Ville<\/th><th>R\u00e9gion<\/th><\/tr><\/thead><tbody><tr><td>Paris<\/td><td>\u00cele-de-France<\/td><\/tr><tr><td>Nice<\/td><td>Provence-Alpes-C\u00f4te d&rsquo;Azur<\/td><\/tr><tr><td>Toulouse<\/td><td>Occitanie<\/td><\/tr><tr><td>Bron<\/td><td>Auvergne-Rh\u00f4ne-Alpes<\/td><\/tr><tr><td>Saint-Lambert<\/td><td>\u00cele-de-France<\/td><\/tr><tr><td>Rueil-Malmaison<\/td><td>\u00cele-de-France<\/td><\/tr><tr><td>Villeneuve-le-Roi<\/td><td>\u00cele-de-France<\/td><\/tr><\/tbody><\/table><\/figure>\n\n\n\n<p>Les r\u00e9sultats obtenus lors de cette phase d&rsquo;essai ont convaincu les autorit\u00e9s de l&rsquo;efficacit\u00e9 du dispositif. <em>L&rsquo;aptitude de l&rsquo;hydre \u00e0 identifier pr\u00e9cis\u00e9ment les sources de bruit excessif a d\u00e9montr\u00e9 son potentiel pour am\u00e9liorer consid\u00e9rablement l&rsquo;environnement sonore urbain<\/em>. Suite \u00e0 ces r\u00e9sultats positifs, le minist\u00e8re des Transports a donn\u00e9 son aval pour un d\u00e9ploiement \u00e0 l&rsquo;\u00e9chelle nationale.<\/p>\n\n\n\n<h2 class=\"wp-block-heading\">Impact sur les conducteurs et nouvelles r\u00e8gles \u00e0 observer<\/h2>\n\n\n\n<p>L&rsquo;arriv\u00e9e de ce <strong>radar acoustique ultra-performant<\/strong> va incontestablement changer nos habitudes de conduite. D\u00e9sormais, les conducteurs devront \u00eatre attentifs non seulement \u00e0 leur vitesse, mais \u00e9galement au niveau sonore \u00e9mis par leur v\u00e9hicule.<\/p>\n\n\n\n<p>En cas de non-conformit\u00e9 d\u00e9tect\u00e9e par l&rsquo;hydre, des sanctions financi\u00e8res seront appliqu\u00e9es imm\u00e9diatement :<\/p>\n\n\n\n<ol class=\"wp-block-list\">\n<li>Amende forfaitaire de 135 euros<\/li>\n\n\n\n<li>Possibilit\u00e9 de r\u00e9duction \u00e0 90 euros en cas de paiement dans les 15 jours<\/li>\n\n\n\n<li>Majoration possible en cas de r\u00e9cidive<\/li>\n<\/ol>\n\n\n\n<p>Pour \u00e9viter ces d\u00e9sagr\u00e9ments, quelques mesures pr\u00e9ventives sont n\u00e9cessaires. Un <strong>entretien r\u00e9gulier du syst\u00e8me d&rsquo;\u00e9chappement<\/strong> et du moteur devient essentiel. Les propri\u00e9taires de v\u00e9hicules modifi\u00e9s ou \u00e9quip\u00e9s de pots d&rsquo;\u00e9chappement sportifs devront particuli\u00e8rement veiller \u00e0 respecter les normes sonores en vigueur.<\/p>\n\n\n\n<h2 class=\"wp-block-heading\">Vers une mobilit\u00e9 urbaine plus paisible<\/h2>\n\n\n\n<p>Au-del\u00e0 de son aspect r\u00e9pressif, l&rsquo;hydre s&rsquo;inscrit dans une <strong>d\u00e9marche globale d&rsquo;am\u00e9lioration du cadre de vie urbain<\/strong>. La pollution sonore est un enjeu de sant\u00e9 publique souvent sous-estim\u00e9, avec des cons\u00e9quences av\u00e9r\u00e9es sur le stress, les troubles du sommeil et m\u00eame les maladies cardiovasculaires.<\/p>\n\n\n\n<p>Ce dispositif innovant pourrait positivement transformer notre environnement quotidien en favorisant :<\/p>\n\n\n\n<p>Une conduite plus douce et respectueuse, l&rsquo;adoption de v\u00e9hicules moins bruyants (notamment \u00e9lectriques), et une <em>prise de conscience collective de l&rsquo;importance d&rsquo;un espace sonore partag\u00e9<\/em>. L&rsquo;hydre, bien plus qu&rsquo;un simple radar, se pr\u00e9sente comme un outil essentiel pour la transition vers des villes plus silencieuses et agr\u00e9ables \u00e0 vivre.<\/p>\n\n\n\n<p>Alors que l&rsquo;ann\u00e9e 2025 approche, les conducteurs fran\u00e7ais ont encore quelques mois pour ajuster leurs comportements avant l&rsquo;arriv\u00e9e de ce gardien du silence sur nos routes. Une certitude demeure : avec l&rsquo;hydre, le calme sonore devient une priorit\u00e9 aussi cruciale que la s\u00e9curit\u00e9 routi\u00e8re.<\/p>\n","protected":false},"excerpt":{"rendered":"<p>La surveillance routi\u00e8re atteint un niveau sup\u00e9rieur en France avec l&rsquo;introduction imminente d&rsquo;un syst\u00e8me r\u00e9volutionnaire. L&rsquo;hydre, un radar acoustique de derni\u00e8re g\u00e9n\u00e9ration, va r\u00e9volutionner notre approche de la conduite en ciblant non plus la vitesse, mais le niveau sonore excessif des v\u00e9hicules. D\u00e9couvrons ensemble les caract\u00e9ristiques de cette technologie novatrice qui sera d\u00e9ploy\u00e9e sur les [&hellip;]<\/p>\n","protected":false},"author":1,"featured_media":374,"comment_status":"open","ping_status":"open","sticky":false,"template":"","format":"standard","meta":{"_seopress_robots_primary_cat":"","_seopress_titles_title":"","_seopress_titles_desc":"","_seopress_robots_index":"","footnotes":""},"categories":[8],"tags":[],"class_list":{"0":"post-373","1":"post","2":"type-post","3":"status-publish","4":"format-standard","5":"has-post-thumbnail","7":"category-consommation"},"_links":{"self":[{"href":"https:\/\/cuberg.net\/fr\/wp-json\/wp\/v2\/posts\/373","targetHints":{"allow":["GET"]}}],"collection":[{"href":"https:\/\/cuberg.net\/fr\/wp-json\/wp\/v2\/posts"}],"about":[{"href":"https:\/\/cuberg.net\/fr\/wp-json\/wp\/v2\/types\/post"}],"author":[{"embeddable":true,"href":"https:\/\/cuberg.net\/fr\/wp-json\/wp\/v2\/users\/1"}],"replies":[{"embeddable":true,"href":"https:\/\/cuberg.net\/fr\/wp-json\/wp\/v2\/comments?post=373"}],"version-history":[{"count":1,"href":"https:\/\/cuberg.net\/fr\/wp-json\/wp\/v2\/posts\/373\/revisions"}],"predecessor-version":[{"id":1205,"href":"https:\/\/cuberg.net\/fr\/wp-json\/wp\/v2\/posts\/373\/revisions\/1205"}],"wp:featuredmedia":[{"embeddable":true,"href":"https:\/\/cuberg.net\/fr\/wp-json\/wp\/v2\/media\/374"}],"wp:attachment":[{"href":"https:\/\/cuberg.net\/fr\/wp-json\/wp\/v2\/media?parent=373"}],"wp:term":[{"taxonomy":"category","embeddable":true,"href":"https:\/\/cuberg.net\/fr\/wp-json\/wp\/v2\/categories?post=373"},{"taxonomy":"post_tag","embeddable":true,"href":"https:\/\/cuberg.net\/fr\/wp-json\/wp\/v2\/tags?post=373"}],"curies":[{"name":"wp","href":"https:\/\/api.w.org\/{rel}","templated":true}]}}