{"id":385,"date":"2025-09-13T11:07:00","date_gmt":"2025-09-13T09:07:00","guid":{"rendered":"https:\/\/cuberg.net\/fr\/?p=385"},"modified":"2025-09-09T17:03:14","modified_gmt":"2025-09-09T15:03:14","slug":"pour-rembourser-la-dette-voici-les-francais-a-qui-le-gouvernement-va-demander-un-effort-a-partir-de-cet-ete","status":"publish","type":"post","link":"https:\/\/cuberg.net\/fr\/pour-rembourser-la-dette-voici-les-francais-a-qui-le-gouvernement-va-demander-un-effort-a-partir-de-cet-ete\/","title":{"rendered":"Pour rembourser la dette, voici les Fran\u00e7ais \u00e0 qui le gouvernement va demander \u00ab\u00a0un effort\u00a0\u00bb \u00e0 partir de cet \u00e9t\u00e9"},"content":{"rendered":"\n<p>La France est confront\u00e9e \u00e0 un d\u00e9fi \u00e9conomique majeur en 2025. Fran\u00e7ois Bayrou, Premier ministre depuis mai, a d\u00e9voil\u00e9 un ensemble de mesures visant \u00e0 r\u00e9duire l&rsquo;endettement national. Cette situation financi\u00e8re pr\u00e9occupante n\u00e9cessite d\u00e9sormais un effort collectif des citoyens fran\u00e7ais, en particulier des travailleurs, pour r\u00e9tablir l&rsquo;\u00e9quilibre des finances publiques.<\/p>\n\n\n\n<h2 class=\"wp-block-heading\">La dette fran\u00e7aise en 2025 : un fardeau devenu insoutenable<\/h2>\n\n\n\n<p>L&rsquo;accumulation des d\u00e9ficits budg\u00e9taires a conduit \u00e0 ce que Fran\u00e7ois Bayrou qualifie de \u00ab\u00a0montagne\u00a0\u00bb de dettes. Cette probl\u00e9matique concerne l&rsquo;ensemble du paysage politique fran\u00e7ais, tous les gouvernements successifs ayant contribu\u00e9 \u00e0 cette spirale d&rsquo;endettement. Le besoin de financement actuel s&rsquo;\u00e9l\u00e8ve \u00e0 <strong>40 milliards d&rsquo;euros<\/strong>, un montant qui n\u00e9cessite des actions imm\u00e9diates.<\/p>\n\n\n\n<p>La comparaison avec d&rsquo;autres pays europ\u00e9ens est r\u00e9v\u00e9latrice. Le Premier ministre a soulign\u00e9 que la France accuse un retard significatif par rapport \u00e0 <i>l&rsquo;Allemagne, l&rsquo;Italie et les Pays-Bas<\/i> en termes de production par habitant. Cette situation justifie, selon le gouvernement, l&rsquo;urgence de mettre en place des r\u00e9formes structurelles.<\/p>\n\n\n\n<p>Le plan gouvernemental sera officiellement pr\u00e9sent\u00e9 avant le 14 juillet 2025. Il ne s&rsquo;agira pas simplement d&rsquo;un rapport technique, mais d&rsquo;un v\u00e9ritable programme de transformation \u00e9conomique mobilisant l&rsquo;ensemble des citoyens fran\u00e7ais.<\/p>\n\n\n\n<figure class=\"wp-block-table\"><table class=\"has-fixed-layout\"><tbody><tr><th>Param\u00e8tre \u00e9conomique<\/th><th>Situation actuelle<\/th><th>Objectif gouvernemental<\/th><\/tr><tr><td>D\u00e9ficit budg\u00e9taire<\/td><td>40 milliards d&rsquo;euros<\/td><td>\u00c9quilibre des finances publiques<\/td><\/tr><tr><td>Application des mesures<\/td><td>\u00c9t\u00e9 2025<\/td><td>R\u00e9sultats attendus fin 2026<\/td><\/tr><tr><td>Population principalement concern\u00e9e<\/td><td>Travailleurs et consommateurs<\/td><td>R\u00e9partition \u00e9quitable interg\u00e9n\u00e9rationnelle<\/td><\/tr><\/tbody><\/table><\/figure>\n\n\n\n<h2 class=\"wp-block-heading\">Les cat\u00e9gories de Fran\u00e7ais appel\u00e9es \u00e0 contribuer davantage<\/h2>\n\n\n\n<p>Le Premier ministre a \u00e9t\u00e9 clair sur les personnes qui seront sollicit\u00e9es en priorit\u00e9. Selon ses d\u00e9clarations sur RMC et BFMTV le 27 mai : <i>\u00ab\u00a0Ce sont d&rsquo;abord ceux qui sont au travail qui vont devoir assumer une charge accrue sur leurs revenus\u00a0\u00bb<\/i>. Cette annonce laisse pr\u00e9sager une contribution suppl\u00e9mentaire demand\u00e9e \u00e0 la population active.<\/p>\n\n\n\n<p>N\u00e9anmoins, Fran\u00e7ois Bayrou insiste sur l&rsquo;importance d&rsquo;une <strong>\u00e9quit\u00e9 interg\u00e9n\u00e9rationnelle<\/strong>. Le gouvernement refuse de faire reposer le poids de la dette uniquement sur les jeunes g\u00e9n\u00e9rations. Cette approche sugg\u00e8re que les retrait\u00e9s et les travailleurs seront concern\u00e9s, bien que de mani\u00e8re diff\u00e9renci\u00e9e.<\/p>\n\n\n\n<p>Parmi les secteurs professionnels sp\u00e9cifiquement \u00e9voqu\u00e9s, les taxis pourraient \u00eatre soumis \u00e0 des ajustements d\u00e8s octobre 2025. Cette mention particuli\u00e8re laisse entrevoir une strat\u00e9gie visant plusieurs branches \u00e9conomiques, m\u00eame si les d\u00e9tails des mesures restent \u00e0 pr\u00e9ciser.<\/p>\n\n\n\n<p>Les personnes vis\u00e9es par les efforts budg\u00e9taires incluent potentiellement :<\/p>\n\n\n\n<ul class=\"wp-block-list\">\n<li>Les salari\u00e9s du secteur priv\u00e9<\/li>\n\n\n\n<li>Les fonctionnaires et agents publics<\/li>\n\n\n\n<li>Les professions lib\u00e9rales et travailleurs ind\u00e9pendants<\/li>\n\n\n\n<li>Les consommateurs (via la TVA sociale)<\/li>\n\n\n\n<li>Certains secteurs sp\u00e9cifiques comme les taxis<\/li>\n<\/ul>\n\n\n\n<h2 class=\"wp-block-heading\">Les m\u00e9canismes envisag\u00e9s pour la redressement financier<\/h2>\n\n\n\n<p>Bruno Le Maire, ministre de l&rsquo;Business, et Thomas Cazenave, en charge des Comptes publics, affirment qu&rsquo;il n&rsquo;y aura pas d&rsquo;augmentation directe des imp\u00f4ts. L&rsquo;accent sera mis sur <strong>la r\u00e9duction des d\u00e9penses publiques<\/strong> et les r\u00e9formes structurelles pour assainir les finances nationales.<\/p>\n\n\n\n<p>La \u00ab\u00a0TVA sociale\u00a0\u00bb semble \u00eatre l&rsquo;une des options privil\u00e9gi\u00e9es par le gouvernement. Fran\u00e7ois Bayrou soutient ce m\u00e9canisme qui consisterait \u00e0 augmenter la taxe sur la consommation tout en all\u00e9geant les charges li\u00e9es au travail. Cette approche impliquerait l&rsquo;ensemble des consommateurs dans l&rsquo;effort collectif.<\/p>\n\n\n\n<p>Les partenaires sociaux seront consult\u00e9s dans les semaines \u00e0 venir pour d\u00e9finir les modalit\u00e9s d&rsquo;application de ces mesures. L&rsquo;objectif demeure de pr\u00e9server la comp\u00e9titivit\u00e9 des entreprises fran\u00e7aises tout en contribuant \u00e0 la r\u00e9duction de la dette nationale.<\/p>\n\n\n\n<p>Ce changement de cap \u00e9conomique intervient dans un contexte mondial incertain. De nombreux pays occidentaux font face \u00e0 des d\u00e9fis similaires, mais la France semble d\u00e9sormais d\u00e9termin\u00e9e \u00e0 affronter directement sa r\u00e9alit\u00e9 budg\u00e9taire. L&rsquo;\u00e9quilibre entre redressement des finances publiques et maintien du pouvoir d&rsquo;achat constituera le principal d\u00e9fi du plan gouvernemental qui entrera en vigueur d\u00e8s l&rsquo;\u00e9t\u00e9 2025.<\/p>\n","protected":false},"excerpt":{"rendered":"<p>La France est confront\u00e9e \u00e0 un d\u00e9fi \u00e9conomique majeur en 2025. Fran\u00e7ois Bayrou, Premier ministre depuis mai, a d\u00e9voil\u00e9 un ensemble de mesures visant \u00e0 r\u00e9duire l&rsquo;endettement national. Cette situation financi\u00e8re pr\u00e9occupante n\u00e9cessite d\u00e9sormais un effort collectif des citoyens fran\u00e7ais, en particulier des travailleurs, pour r\u00e9tablir l&rsquo;\u00e9quilibre des finances publiques. La dette fran\u00e7aise en 2025 [&hellip;]<\/p>\n","protected":false},"author":1,"featured_media":386,"comment_status":"open","ping_status":"open","sticky":false,"template":"","format":"standard","meta":{"_seopress_robots_primary_cat":"","_seopress_titles_title":"","_seopress_titles_desc":"","_seopress_robots_index":"","footnotes":""},"categories":[16],"tags":[],"class_list":{"0":"post-385","1":"post","2":"type-post","3":"status-publish","4":"format-standard","5":"has-post-thumbnail","7":"category-business"},"_links":{"self":[{"href":"https:\/\/cuberg.net\/fr\/wp-json\/wp\/v2\/posts\/385","targetHints":{"allow":["GET"]}}],"collection":[{"href":"https:\/\/cuberg.net\/fr\/wp-json\/wp\/v2\/posts"}],"about":[{"href":"https:\/\/cuberg.net\/fr\/wp-json\/wp\/v2\/types\/post"}],"author":[{"embeddable":true,"href":"https:\/\/cuberg.net\/fr\/wp-json\/wp\/v2\/users\/1"}],"replies":[{"embeddable":true,"href":"https:\/\/cuberg.net\/fr\/wp-json\/wp\/v2\/comments?post=385"}],"version-history":[{"count":1,"href":"https:\/\/cuberg.net\/fr\/wp-json\/wp\/v2\/posts\/385\/revisions"}],"predecessor-version":[{"id":1199,"href":"https:\/\/cuberg.net\/fr\/wp-json\/wp\/v2\/posts\/385\/revisions\/1199"}],"wp:featuredmedia":[{"embeddable":true,"href":"https:\/\/cuberg.net\/fr\/wp-json\/wp\/v2\/media\/386"}],"wp:attachment":[{"href":"https:\/\/cuberg.net\/fr\/wp-json\/wp\/v2\/media?parent=385"}],"wp:term":[{"taxonomy":"category","embeddable":true,"href":"https:\/\/cuberg.net\/fr\/wp-json\/wp\/v2\/categories?post=385"},{"taxonomy":"post_tag","embeddable":true,"href":"https:\/\/cuberg.net\/fr\/wp-json\/wp\/v2\/tags?post=385"}],"curies":[{"name":"wp","href":"https:\/\/api.w.org\/{rel}","templated":true}]}}