{"id":389,"date":"2025-09-11T08:35:00","date_gmt":"2025-09-11T06:35:00","guid":{"rendered":"https:\/\/cuberg.net\/fr\/?p=389"},"modified":"2025-09-09T17:03:01","modified_gmt":"2025-09-09T15:03:01","slug":"caf-les-regles-changent-certains-beneficiaires-ne-toucheront-plus-dallocations-sils-gagnent-plus-que-ce-montant","status":"publish","type":"post","link":"https:\/\/cuberg.net\/fr\/caf-les-regles-changent-certains-beneficiaires-ne-toucheront-plus-dallocations-sils-gagnent-plus-que-ce-montant\/","title":{"rendered":"CAF : les r\u00e8gles changent, certains b\u00e9n\u00e9ficiaires ne toucheront plus d\u2019allocations s\u2019ils gagnent plus que ce montant"},"content":{"rendered":"\n<p>La Caisse d&rsquo;allocations familiales ajuste r\u00e9guli\u00e8rement ses bar\u00e8mes pour s&rsquo;aligner sur la situation \u00e9conomique des Fran\u00e7ais. En ce d\u00e9but d&rsquo;ann\u00e9e 2025, une r\u00e9vision majeure des plafonds de ressources impacte directement les versements et l&rsquo;\u00e9ligibilit\u00e9 aux prestations sociales. Quels sont les effets de cette r\u00e9forme sur les b\u00e9n\u00e9ficiaires ? Quels seuils ne doivent pas \u00eatre d\u00e9pass\u00e9s pour continuer \u00e0 b\u00e9n\u00e9ficier de ces aides ? Faisons le point sur ces changements importants.<\/p>\n\n\n\n<h2 class=\"wp-block-heading\">R\u00e9vision des plafonds de ressources et son incidence sur les allocations<\/h2>\n\n\n\n<p>Le premier trimestre de 2025 marque un changement significatif pour les b\u00e9n\u00e9ficiaires d&rsquo;aides sociales. Depuis le 1er janvier, les plafonds de ressources permettant l&rsquo;acc\u00e8s aux prestations de la <strong>Caisse d&rsquo;allocations familiales<\/strong> ont \u00e9t\u00e9 revaloris\u00e9s de 4,8%. Cette mise \u00e0 jour, annonc\u00e9e dans le Journal officiel fin d\u00e9cembre 2024, concerne d\u00e9sormais toutes les aides soumises \u00e0 des conditions de ressources.<\/p>\n\n\n\n<p>Cette r\u00e9vision se base sur le taux d&rsquo;inflation de 2023, \u00e9valu\u00e9 \u00e0 4,9% par l&rsquo;Institut national de la statistique et des \u00e9tudes \u00e9conomiques. Il est important de noter que la CAF \u00e9value l&rsquo;\u00e9ligibilit\u00e9 aux aides en se basant sur les revenus de l&rsquo;ann\u00e9e N-2, soit ceux de 2023 d\u00e9clar\u00e9s en 2024 pour les droits actuels.<\/p>\n\n\n\n<p>Les prestations impact\u00e9es par cette r\u00e9vision sont diverses :<\/p>\n\n\n\n<ul class=\"wp-block-list\">\n<li>Allocations familiales<\/li>\n\n\n\n<li>Compl\u00e9ment familial<\/li>\n\n\n\n<li>Consommationmmation au logement (APL, ALS, ALF)<\/li>\n\n\n\n<li>Prestation d&rsquo;accueil du jeune enfant (Paje)<\/li>\n\n\n\n<li>Compl\u00e9ment de libre choix du mode de garde (CMG)<\/li>\n<\/ul>\n\n\n\n<p>Pour v\u00e9rifier l&rsquo;impact de ces changements sur vos droits, <strong>consultez votre espace personnel<\/strong> sur le site de la CAF. Chaque prestation a son propre seuil de ressources \u00e0 surveiller attentivement.<\/p>\n\n\n\n<h2 class=\"wp-block-heading\">B\u00e9n\u00e9ficiaires et perdants suite \u00e0 cette nouvelle r\u00e9glementation<\/h2>\n\n\n\n<p>Les cons\u00e9quences de cette r\u00e9forme varient selon la situation financi\u00e8re des m\u00e9nages. Les effets se font d\u00e9j\u00e0 sentir dans les paiements depuis le d\u00e9but de l&rsquo;ann\u00e9e. Certains ont vu une augmentation de leurs prestations, tandis que d&rsquo;autres ont constat\u00e9 une r\u00e9duction, voire une suppression totale de leurs allocations.<\/p>\n\n\n\n<p>Les foyers avantag\u00e9s par cette r\u00e9forme sont ceux dont :<\/p>\n\n\n\n<figure class=\"wp-block-table\"><table class=\"has-fixed-layout\"><tbody><tr><th>Situation<\/th><th>Impact sur les allocations<\/th><\/tr><tr><td>Revenus 2023 stables<\/td><td>Maintien ou augmentation des aides<\/td><\/tr><tr><td>Augmentation des revenus inf\u00e9rieure \u00e0 4,8%<\/td><td>Conservation des droits<\/td><\/tr><tr><td>Revenus l\u00e9g\u00e8rement sup\u00e9rieurs aux anciens plafonds<\/td><td>Nouvelle \u00e9ligibilit\u00e9 \u00e0 certaines aides<\/td><\/tr><\/tbody><\/table><\/figure>\n\n\n\n<p>En revanche, les <strong>m\u00e9nages dont les revenus ont fortement augment\u00e9<\/strong> en 2023 risquent de voir leurs prestations diminuer ou \u00eatre supprim\u00e9es. Si vos revenus d\u00e9passent les nouveaux seuils \u00e9tablis, vous pourriez \u00eatre impact\u00e9 n\u00e9gativement par cette r\u00e9forme.<\/p>\n\n\n\n<p>Il est essentiel de rappeler que le <em>montant des aides ne d\u00e9pend pas uniquement des revenus<\/em>. La composition de la famille, le nombre d&rsquo;enfants \u00e0 charge et d&rsquo;autres situations personnelles sont \u00e9galement pris en consid\u00e9ration dans les calculs de la CAF.<\/p>\n\n\n\n<h2 class=\"wp-block-heading\">\u00c9l\u00e9ments cl\u00e9s pour maintenir vos droits aux prestations<\/h2>\n\n\n\n<p>Pour \u00e9viter toute surprise d\u00e9sagr\u00e9able concernant vos allocations, soyez attentif \u00e0 plusieurs \u00e9l\u00e9ments. Informez syst\u00e9matiquement la CAF de tout changement de situation. Un mariage, une s\u00e9paration, l&rsquo;arriv\u00e9e d&rsquo;un enfant ou un d\u00e9m\u00e9nagement peuvent impacter significativement vos droits.<\/p>\n\n\n\n<p>Les crit\u00e8res pris en compte pour le calcul des prestations sont multiples :<\/p>\n\n\n\n<ol class=\"wp-block-list\">\n<li>Les revenus du foyer (ann\u00e9e N-2)<\/li>\n\n\n\n<li>La situation familiale actualis\u00e9e<\/li>\n\n\n\n<li>Le nombre d&rsquo;enfants \u00e0 charge<\/li>\n\n\n\n<li>La situation professionnelle des membres du foyer<\/li>\n\n\n\n<li>Les conditions de logement (pour les aides au logement)<\/li>\n<\/ol>\n\n\n\n<p>Si vous constatez une modification inattendue de vos prestations, n&rsquo;h\u00e9sitez pas \u00e0 <strong>contacter directement votre caisse d&rsquo;allocations<\/strong> pour obtenir des explications personnalis\u00e9es. Dans certains cas, des erreurs de calcul peuvent survenir, notamment si vos informations personnelles ne sont pas \u00e0 jour.<\/p>\n\n\n\n<p>Cette r\u00e9forme des plafonds de ressources, bien que technique, a un impact r\u00e9el sur le budget de nombreux foyers fran\u00e7ais. Restez vigilant quant \u00e0 l&rsquo;\u00e9volution de vos droits et renseignez-vous aupr\u00e8s des services comp\u00e9tents pour optimiser votre situation.<\/p>\n","protected":false},"excerpt":{"rendered":"<p>La Caisse d&rsquo;allocations familiales ajuste r\u00e9guli\u00e8rement ses bar\u00e8mes pour s&rsquo;aligner sur la situation \u00e9conomique des Fran\u00e7ais. En ce d\u00e9but d&rsquo;ann\u00e9e 2025, une r\u00e9vision majeure des plafonds de ressources impacte directement les versements et l&rsquo;\u00e9ligibilit\u00e9 aux prestations sociales. Quels sont les effets de cette r\u00e9forme sur les b\u00e9n\u00e9ficiaires ? Quels seuils ne doivent pas \u00eatre d\u00e9pass\u00e9s [&hellip;]<\/p>\n","protected":false},"author":1,"featured_media":390,"comment_status":"open","ping_status":"open","sticky":false,"template":"","format":"standard","meta":{"_seopress_robots_primary_cat":"","_seopress_titles_title":"","_seopress_titles_desc":"","_seopress_robots_index":"","footnotes":""},"categories":[8],"tags":[],"class_list":{"0":"post-389","1":"post","2":"type-post","3":"status-publish","4":"format-standard","5":"has-post-thumbnail","7":"category-consommation"},"_links":{"self":[{"href":"https:\/\/cuberg.net\/fr\/wp-json\/wp\/v2\/posts\/389","targetHints":{"allow":["GET"]}}],"collection":[{"href":"https:\/\/cuberg.net\/fr\/wp-json\/wp\/v2\/posts"}],"about":[{"href":"https:\/\/cuberg.net\/fr\/wp-json\/wp\/v2\/types\/post"}],"author":[{"embeddable":true,"href":"https:\/\/cuberg.net\/fr\/wp-json\/wp\/v2\/users\/1"}],"replies":[{"embeddable":true,"href":"https:\/\/cuberg.net\/fr\/wp-json\/wp\/v2\/comments?post=389"}],"version-history":[{"count":1,"href":"https:\/\/cuberg.net\/fr\/wp-json\/wp\/v2\/posts\/389\/revisions"}],"predecessor-version":[{"id":1176,"href":"https:\/\/cuberg.net\/fr\/wp-json\/wp\/v2\/posts\/389\/revisions\/1176"}],"wp:featuredmedia":[{"embeddable":true,"href":"https:\/\/cuberg.net\/fr\/wp-json\/wp\/v2\/media\/390"}],"wp:attachment":[{"href":"https:\/\/cuberg.net\/fr\/wp-json\/wp\/v2\/media?parent=389"}],"wp:term":[{"taxonomy":"category","embeddable":true,"href":"https:\/\/cuberg.net\/fr\/wp-json\/wp\/v2\/categories?post=389"},{"taxonomy":"post_tag","embeddable":true,"href":"https:\/\/cuberg.net\/fr\/wp-json\/wp\/v2\/tags?post=389"}],"curies":[{"name":"wp","href":"https:\/\/api.w.org\/{rel}","templated":true}]}}