{"id":399,"date":"2025-09-14T17:09:00","date_gmt":"2025-09-14T15:09:00","guid":{"rendered":"https:\/\/cuberg.net\/fr\/?p=399"},"modified":"2025-09-09T17:03:20","modified_gmt":"2025-09-09T15:03:20","slug":"fin-des-zfe-vers-le-remboursement-des-vignettes-critair","status":"publish","type":"post","link":"https:\/\/cuberg.net\/fr\/fin-des-zfe-vers-le-remboursement-des-vignettes-critair\/","title":{"rendered":"Fin des ZFE : vers le remboursement des vignettes Crit\u2019Air ?"},"content":{"rendered":"\n<p>L&rsquo;avenir des vignettes Crit&rsquo;Air est actuellement au centre d&rsquo;une controverse nationale en raison de la possible suppression des zones \u00e0 faibles \u00e9missions (ZFE). Instaur\u00e9 en 2016 pour lutter contre la pollution atmosph\u00e9rique, ce dispositif environnemental risque de perdre sa raison d&rsquo;\u00eatre principale. Les conducteurs se demandent l\u00e9gitimement s&rsquo;ils pourront \u00eatre rembours\u00e9s pour les pastilles color\u00e9es appos\u00e9es sur leur pare-brise depuis plusieurs ann\u00e9es.<\/p>\n\n\n\n<h2 class=\"wp-block-heading\">La situation actuelle des vignettes Crit&rsquo;Air face \u00e0 l&rsquo;\u00e9volution de la r\u00e9glementation<\/h2>\n\n\n\n<p>Une commission de l&rsquo;Assembl\u00e9e nationale s&rsquo;est r\u00e9cemment prononc\u00e9e en faveur de la suppression des ZFE, marquant un possible changement majeur dans la politique environnementale fran\u00e7aise. Cependant, cette d\u00e9cision pr\u00e9liminaire ne constitue pas encore une modification effective du cadre l\u00e9gal. <strong>Les obligations li\u00e9es aux vignettes Crit&rsquo;Air restent donc pleinement en vigueur<\/strong> jusqu&rsquo;\u00e0 l&rsquo;adoption d\u00e9finitive d&rsquo;une nouvelle loi.<\/p>\n\n\n\n<p>Il est essentiel pour les conducteurs de rester vigilants car les sanctions en cas de non-conformit\u00e9 subsistent. Un v\u00e9hicule l\u00e9ger circulant sans vignette dans une zone r\u00e9glement\u00e9e risque une amende de 68 euros, tandis que cette sanction s&rsquo;\u00e9l\u00e8ve \u00e0 135 euros pour les poids lourds. Ainsi, il est recommand\u00e9 aux conducteurs de maintenir leur pastille visible et de respecter les restrictions en vigueur.<\/p>\n\n\n\n<p>La situation actuelle peut \u00eatre r\u00e9sum\u00e9e comme suit :<\/p>\n\n\n\n<ul class=\"wp-block-list\">\n<li>Proposition de suppression des ZFE par une commission parlementaire<\/li>\n\n\n\n<li>Maintien des obligations r\u00e9glementaires actuelles<\/li>\n\n\n\n<li>N\u00e9cessit\u00e9 de conserver sa vignette Crit&rsquo;Air visible<\/li>\n\n\n\n<li>Amendes toujours applicables en cas d&rsquo;infraction<\/li>\n<\/ul>\n\n\n\n<h2 class=\"wp-block-heading\">Possibilit\u00e9 de remboursement : entre attentes et r\u00e9alit\u00e9 administrative<\/h2>\n\n\n\n<p>Face \u00e0 l&rsquo;\u00e9ventualit\u00e9 de la disparition des ZFE, <strong>de nombreux conducteurs esp\u00e8rent \u00eatre rembours\u00e9s du montant pay\u00e9 pour leur vignette<\/strong>. Cependant, cette attente se heurte \u00e0 plusieurs obstacles majeurs. Aucune mesure n&rsquo;a \u00e9t\u00e9 annonc\u00e9e par les autorit\u00e9s en ce qui concerne un \u00e9ventuel remboursement, et divers \u00e9l\u00e9ments rendent cette perspective peu probable.<\/p>\n\n\n\n<p>Le co\u00fbt unitaire de la vignette, fix\u00e9 \u00e0 3,81 euros en 2025, est relativement faible par rapport aux frais administratifs qu&rsquo;impliquerait un processus de remboursement \u00e0 l&rsquo;\u00e9chelle nationale. <em>La complexit\u00e9 logistique d&rsquo;une telle op\u00e9ration semble disproportionn\u00e9e par rapport au montant en jeu<\/em>, ce qui constitue un obstacle majeur \u00e0 sa mise en \u0153uvre.<\/p>\n\n\n\n<p>De plus, l&rsquo;administration estime que la plupart des conducteurs ont d\u00e9j\u00e0 b\u00e9n\u00e9fici\u00e9 d&rsquo;une utilisation prolong\u00e9e de leur vignette, justifiant ainsi son co\u00fbt initial. Selon cette logique, l&rsquo;utilisation effective sur plusieurs ann\u00e9es repr\u00e9sente une compensation ad\u00e9quate \u00e0 l&rsquo;investissement initial.<\/p>\n\n\n\n<figure class=\"wp-block-table\"><table class=\"has-fixed-layout\"><tbody><tr><th>Facteurs limitant le remboursement<\/th><th>Implications<\/th><\/tr><tr><td>Co\u00fbt unitaire faible (3,81\u20ac)<\/td><td>\u00c9cart important entre co\u00fbt administratif et montant \u00e0 rembourser<\/td><\/tr><tr><td>Utilisation prolong\u00e9e des vignettes<\/td><td>Service d\u00e9j\u00e0 rendu aux utilisateurs<\/td><\/tr><tr><td>Absence d&rsquo;engagement des autorit\u00e9s publiques<\/td><td>Aucun cadre l\u00e9gal pour le remboursement<\/td><\/tr><\/tbody><\/table><\/figure>\n\n\n\n<h2 class=\"wp-block-heading\">L&rsquo;importance du dispositif Crit&rsquo;Air en chiffres<\/h2>\n\n\n\n<p>L&rsquo;ampleur du syst\u00e8me Crit&rsquo;Air ne doit pas \u00eatre sous-estim\u00e9e. <strong>Les millions de vignettes distribu\u00e9es depuis 2016 repr\u00e9sentent un d\u00e9fi financier et logistique consid\u00e9rable<\/strong>. Dix mois apr\u00e8s son introduction, plus de 8,2 millions d&rsquo;exemplaires avaient d\u00e9j\u00e0 \u00e9t\u00e9 d\u00e9livr\u00e9s, dont 3,17 millions rien que pour la r\u00e9gion \u00cele-de-France.<\/p>\n\n\n\n<p>Aujourd&rsquo;hui, ces chiffres ont augment\u00e9 de mani\u00e8re significative, g\u00e9n\u00e9rant des recettes importantes pour l&rsquo;\u00c9tat. Le montant total per\u00e7u se chiffre \u00e0 plusieurs dizaines de millions d&rsquo;euros. Cependant, <em>ces revenus ne cr\u00e9ent aucune obligation l\u00e9gale de remboursement<\/em>, m\u00eame en cas d&rsquo;abandon du dispositif initial.<\/p>\n\n\n\n<p>En attendant une d\u00e9cision d\u00e9finitive sur l&rsquo;avenir des ZFE, qui doit encore passer par plusieurs \u00e9tapes l\u00e9gislatives, les conducteurs doivent continuer \u00e0 se conformer \u00e0 la r\u00e9glementation en vigueur. La vignette Crit&rsquo;Air reste un document indispensable dans les zones concern\u00e9es, sans perspective raisonnable de remboursement \u00e0 court ou moyen terme.<\/p>\n","protected":false},"excerpt":{"rendered":"<p>L&rsquo;avenir des vignettes Crit&rsquo;Air est actuellement au centre d&rsquo;une controverse nationale en raison de la possible suppression des zones \u00e0 faibles \u00e9missions (ZFE). Instaur\u00e9 en 2016 pour lutter contre la pollution atmosph\u00e9rique, ce dispositif environnemental risque de perdre sa raison d&rsquo;\u00eatre principale. Les conducteurs se demandent l\u00e9gitimement s&rsquo;ils pourront \u00eatre rembours\u00e9s pour les pastilles color\u00e9es [&hellip;]<\/p>\n","protected":false},"author":1,"featured_media":400,"comment_status":"open","ping_status":"open","sticky":false,"template":"","format":"standard","meta":{"_seopress_robots_primary_cat":"","_seopress_titles_title":"","_seopress_titles_desc":"","_seopress_robots_index":"","footnotes":""},"categories":[8],"tags":[],"class_list":{"0":"post-399","1":"post","2":"type-post","3":"status-publish","4":"format-standard","5":"has-post-thumbnail","7":"category-consommation"},"_links":{"self":[{"href":"https:\/\/cuberg.net\/fr\/wp-json\/wp\/v2\/posts\/399","targetHints":{"allow":["GET"]}}],"collection":[{"href":"https:\/\/cuberg.net\/fr\/wp-json\/wp\/v2\/posts"}],"about":[{"href":"https:\/\/cuberg.net\/fr\/wp-json\/wp\/v2\/types\/post"}],"author":[{"embeddable":true,"href":"https:\/\/cuberg.net\/fr\/wp-json\/wp\/v2\/users\/1"}],"replies":[{"embeddable":true,"href":"https:\/\/cuberg.net\/fr\/wp-json\/wp\/v2\/comments?post=399"}],"version-history":[{"count":1,"href":"https:\/\/cuberg.net\/fr\/wp-json\/wp\/v2\/posts\/399\/revisions"}],"predecessor-version":[{"id":1213,"href":"https:\/\/cuberg.net\/fr\/wp-json\/wp\/v2\/posts\/399\/revisions\/1213"}],"wp:featuredmedia":[{"embeddable":true,"href":"https:\/\/cuberg.net\/fr\/wp-json\/wp\/v2\/media\/400"}],"wp:attachment":[{"href":"https:\/\/cuberg.net\/fr\/wp-json\/wp\/v2\/media?parent=399"}],"wp:term":[{"taxonomy":"category","embeddable":true,"href":"https:\/\/cuberg.net\/fr\/wp-json\/wp\/v2\/categories?post=399"},{"taxonomy":"post_tag","embeddable":true,"href":"https:\/\/cuberg.net\/fr\/wp-json\/wp\/v2\/tags?post=399"}],"curies":[{"name":"wp","href":"https:\/\/api.w.org\/{rel}","templated":true}]}}