{"id":403,"date":"2025-09-08T08:36:00","date_gmt":"2025-09-08T06:36:00","guid":{"rendered":"https:\/\/cuberg.net\/fr\/?p=403"},"modified":"2025-09-08T01:26:41","modified_gmt":"2025-09-07T23:26:41","slug":"je-suis-employe-chez-action-depuis-2-ans-voici-le-montant-de-mon-salaire-mensuel","status":"publish","type":"post","link":"https:\/\/cuberg.net\/fr\/je-suis-employe-chez-action-depuis-2-ans-voici-le-montant-de-mon-salaire-mensuel\/","title":{"rendered":"Je suis employ\u00e9 chez Action depuis 2 ans : \u00ab\u00a0voici le montant de mon salaire mensuel\u00a0\u00bb"},"content":{"rendered":"<p>Apr\u00e8s un passage de deux ans chez Action, je souhaite partager mon v\u00e9cu en mati\u00e8re de salaire pour aider ceux qui envisagent de rejoindre cette enseigne discount en pleine croissance. <strong>La transparence concernant les r\u00e9mun\u00e9rations<\/strong> est essentielle pour permettre aux futurs candidats de prendre des d\u00e9cisions \u00e9clair\u00e9es. C&rsquo;est pourquoi je d\u00e9voile aujourd&rsquo;hui le montant pr\u00e9cis de mon salaire mensuel ainsi que les avantages qui y sont associ\u00e9s.<\/p>\n<h2 class=\"wp-block-heading\">Mon salaire mensuel chez Action : transparence et \u00e9quit\u00e9<\/h2>\n<p>En tant qu&#8217;employ\u00e9 \u00e0 temps plein chez Action, je touche actuellement <strong>1 747 euros bruts par mois<\/strong>. Ce montant correspond exactement \u00e0 ce qui m&rsquo;avait \u00e9t\u00e9 annonc\u00e9 lors de mon recrutement, confirmant ainsi la politique transparente de l&rsquo;enseigne. Contrairement \u00e0 d&rsquo;autres entreprises de distribution, Action applique une grille salariale nationale uniforme.<\/p>\n<p>Que vous travailliez en r\u00e9gion parisienne ou dans une petite commune rurale, le salaire reste le m\u00eame pour un poste donn\u00e9. Cette approche d\u00e9montre une volont\u00e9 d&rsquo;\u00e9quit\u00e9 envers tous les collaborateurs, quel que soit leur lieu de travail.<\/p>\n<p>Voici la r\u00e9partition des salaires chez Action selon les diff\u00e9rents postes :<\/p>\n<figure class=\"wp-block-table\">\n<table class=\"has-fixed-layout\">\n<tbody>\n<tr>\n<th>Poste<\/th>\n<th>Salaire brut mensuel<\/th>\n<\/tr>\n<tr>\n<td>Employ\u00e9 temps partiel<\/td>\n<td>1 198 \u20ac &#8211; 1 747 \u20ac<\/td>\n<\/tr>\n<tr>\n<td>Employ\u00e9 temps plein<\/td>\n<td>1 747 \u20ac<\/td>\n<\/tr>\n<tr>\n<td>Chef de rayon<\/td>\n<td>2 141 \u20ac<\/td>\n<\/tr>\n<tr>\n<td>Responsable de magasin<\/td>\n<td>2 757 \u20ac<\/td>\n<\/tr>\n<\/tbody>\n<\/table>\n<\/figure>\n<p>Si ces montants peuvent sembler proches du SMIC pour les postes de d\u00e9butants, ils sont accompagn\u00e9s de nombreux avantages qui enrichissent consid\u00e9rablement le package global. <em>L&rsquo;\u00e9volution salariale est en ad\u00e9quation avec l&rsquo;augmentation des responsabilit\u00e9s<\/em>, offrant des perspectives d&rsquo;augmentation \u00e0 ceux qui s&rsquo;investissent pleinement dans l&rsquo;entreprise.<\/p>\n<h2 class=\"wp-block-heading\">Les avantages compl\u00e9mentaires qui enrichissent ma r\u00e9mun\u00e9ration<\/h2>\n<p>Mon salaire mensuel ne constitue qu&rsquo;une partie de ma r\u00e9mun\u00e9ration totale. Action propose plusieurs avantages qui am\u00e9liorent significativement le pouvoir d&rsquo;achat de ses employ\u00e9s :<\/p>\n<ul class=\"wp-block-list\">\n<li><strong>Remise de 15% sur tous les achats<\/strong> effectu\u00e9s en magasin<\/li>\n<li>Primes sur objectifs individuels et collectifs<\/li>\n<li>Tickets restaurant pour faciliter la gestion des repas quotidiens<\/li>\n<li>Mutuelle d&rsquo;entreprise avec une couverture sant\u00e9 compl\u00e8te<\/li>\n<li>Possibilit\u00e9s d&rsquo;\u00e9volution interne r\u00e9guli\u00e8res<\/li>\n<\/ul>\n<p>La remise employ\u00e9 est un avantage particuli\u00e8rement appr\u00e9ciable. Avec des prix d\u00e9j\u00e0 tr\u00e8s comp\u00e9titifs, cette r\u00e9duction suppl\u00e9mentaire de 15% permet de r\u00e9aliser <em>des \u00e9conomies substantielles sur mon budget personnel<\/em>. Pour les articles de d\u00e9coration, les produits d&rsquo;entretien ou les fournitures diverses, cette remise constitue un compl\u00e9ment de revenu indirect non n\u00e9gligeable.<\/p>\n<p>Le syst\u00e8me de primes sur objectifs joue \u00e9galement un r\u00f4le motivant dans notre quotidien professionnel. Ces bonus peuvent augmenter de mani\u00e8re significative la r\u00e9mun\u00e9ration de base lorsque les r\u00e9sultats du magasin sont au rendez-vous, cr\u00e9ant ainsi une dynamique collective positive.<\/p>\n<h2 class=\"wp-block-heading\">Mon quotidien professionnel au sein d&rsquo;une enseigne en pleine expansion<\/h2>\n<p>Travailler chez Action signifie \u00e9voluer dans un environnement dynamique o\u00f9 l&rsquo;affluence reste soutenue tout au long de l&rsquo;ann\u00e9e. Avec plus de 15 millions de clients par semaine en France, <strong>l&rsquo;activit\u00e9 ne conna\u00eet pas de temps mort<\/strong>. Cette intensit\u00e9 repr\u00e9sente \u00e0 la fois un d\u00e9fi et une source de motivation.<\/p>\n<p>L&rsquo;expansion rapide de l&rsquo;enseigne cr\u00e9e de nombreuses opportunit\u00e9s professionnelles. Entre 70 et 80 nouveaux magasins ouvrent chaque ann\u00e9e sur le territoire fran\u00e7ais, n\u00e9cessitant un effectif de 15 \u00e0 60 employ\u00e9s en fonction de leur taille. Cette croissance repose sur des performances \u00e9conomiques impressionnantes : en 2023, le groupe a r\u00e9alis\u00e9 un chiffre d&rsquo;affaires mondial de 11,3 milliards d&rsquo;euros, en progression de 30% par rapport \u00e0 l&rsquo;ann\u00e9e pr\u00e9c\u00e9dente.<\/p>\n<p>La polyvalence est au c\u0153ur de notre m\u00e9tier. La diversit\u00e9 des produits propos\u00e9s rend le travail vari\u00e9 et permet d&rsquo;acqu\u00e9rir des comp\u00e9tences multiples, valorisables dans l&rsquo;ensemble du secteur de la distribution. <em>Cette polyvalence constitue un atout majeur pour l&rsquo;\u00e9volution professionnelle<\/em>, que ce soit au sein d&rsquo;Action ou pour la suite de notre carri\u00e8re.<\/p>\n<p>Apr\u00e8s deux ans d&rsquo;exp\u00e9rience, je consid\u00e8re que le rapport entre la r\u00e9mun\u00e9ration offerte et les conditions de travail est \u00e9quilibr\u00e9. Bien que le salaire de base soit modeste, les avantages compl\u00e9mentaires et les perspectives d&rsquo;\u00e9volution font d&rsquo;Action un employeur attractif dans le domaine de la distribution discount.<\/p>\n","protected":false},"excerpt":{"rendered":"<p>Apr\u00e8s un passage de deux ans chez Action, je souhaite partager mon v\u00e9cu en mati\u00e8re de salaire pour aider ceux qui envisagent de rejoindre cette enseigne discount en pleine croissance. La transparence concernant les r\u00e9mun\u00e9rations est essentielle pour permettre aux futurs candidats de prendre des d\u00e9cisions \u00e9clair\u00e9es. C&rsquo;est pourquoi je d\u00e9voile aujourd&rsquo;hui le montant pr\u00e9cis [&hellip;]<\/p>\n","protected":false},"author":1,"featured_media":404,"comment_status":"open","ping_status":"open","sticky":false,"template":"","format":"standard","meta":{"_seopress_robots_primary_cat":"","_seopress_titles_title":"","_seopress_titles_desc":"","_seopress_robots_index":"","footnotes":""},"categories":[16],"tags":[],"class_list":{"0":"post-403","1":"post","2":"type-post","3":"status-publish","4":"format-standard","5":"has-post-thumbnail","7":"category-business"},"_links":{"self":[{"href":"https:\/\/cuberg.net\/fr\/wp-json\/wp\/v2\/posts\/403","targetHints":{"allow":["GET"]}}],"collection":[{"href":"https:\/\/cuberg.net\/fr\/wp-json\/wp\/v2\/posts"}],"about":[{"href":"https:\/\/cuberg.net\/fr\/wp-json\/wp\/v2\/types\/post"}],"author":[{"embeddable":true,"href":"https:\/\/cuberg.net\/fr\/wp-json\/wp\/v2\/users\/1"}],"replies":[{"embeddable":true,"href":"https:\/\/cuberg.net\/fr\/wp-json\/wp\/v2\/comments?post=403"}],"version-history":[{"count":1,"href":"https:\/\/cuberg.net\/fr\/wp-json\/wp\/v2\/posts\/403\/revisions"}],"predecessor-version":[{"id":1146,"href":"https:\/\/cuberg.net\/fr\/wp-json\/wp\/v2\/posts\/403\/revisions\/1146"}],"wp:featuredmedia":[{"embeddable":true,"href":"https:\/\/cuberg.net\/fr\/wp-json\/wp\/v2\/media\/404"}],"wp:attachment":[{"href":"https:\/\/cuberg.net\/fr\/wp-json\/wp\/v2\/media?parent=403"}],"wp:term":[{"taxonomy":"category","embeddable":true,"href":"https:\/\/cuberg.net\/fr\/wp-json\/wp\/v2\/categories?post=403"},{"taxonomy":"post_tag","embeddable":true,"href":"https:\/\/cuberg.net\/fr\/wp-json\/wp\/v2\/tags?post=403"}],"curies":[{"name":"wp","href":"https:\/\/api.w.org\/{rel}","templated":true}]}}