{"id":411,"date":"2025-09-26T17:07:00","date_gmt":"2025-09-26T15:07:00","guid":{"rendered":"https:\/\/cuberg.net\/fr\/?p=411"},"modified":"2025-09-25T23:05:17","modified_gmt":"2025-09-25T21:05:17","slug":"matt-pokora-meconnaissable-le-chanteur-change-de-visage-ses-fans-ne-le-reconnaissent-pas-oh-ca-fait-bizarre","status":"publish","type":"post","link":"https:\/\/cuberg.net\/fr\/matt-pokora-meconnaissable-le-chanteur-change-de-visage-ses-fans-ne-le-reconnaissent-pas-oh-ca-fait-bizarre\/","title":{"rendered":"Matt Pokora m\u00e9connaissable : le chanteur change de visage, ses fans ne le reconnaissent pas, \u00ab\u00a0Oh \u00e7a fait bizarre\u00a0\u00bb"},"content":{"rendered":"\n<p>La m\u00e9tamorphose physique de Matt Pokora suscite l&rsquo;engouement sur les r\u00e9seaux sociaux ces derniers jours. Le chanteur originaire de Strasbourg, c\u00e9l\u00e8bre pour ses nombreuses transformations au fil du temps, surprend actuellement ses fans avec un nouveau look vintage qui ne passe pas inaper\u00e7u. Ce changement radical intervient alors que l&rsquo;artiste s&rsquo;appr\u00eate \u00e0 d\u00e9voiler de nouveaux projets pour 2025-2026.<\/p>\n\n\n\n<h2 class=\"wp-block-heading\">La transformation stylistique qui divise les admirateurs de Matt Pokora<\/h2>\n\n\n\n<p>Connu pour ses changements d&rsquo;apparence, Matt Pokora a d\u00e9j\u00e0 exp\u00e9riment\u00e9 divers styles marquants au cours de sa carri\u00e8re. Du jeune artiste arborant des accessoires hip-hop \u2013 casquette viss\u00e9e, cha\u00eene argent\u00e9e et piercing au nez \u2013 \u00e0 l&rsquo;ic\u00f4ne de mode sophistiqu\u00e9e, le chanteur n&rsquo;a jamais h\u00e9sit\u00e9 \u00e0 op\u00e9rer des transformations audacieuses.<\/p>\n\n\n\n<p>Son r\u00e9cent changement capillaire surprend cependant : <strong>l&rsquo;adoption d&rsquo;une moustache au style r\u00e9tro affirm\u00e9<\/strong>. Cette nouvelle pilosit\u00e9 faciale remplace sa barbe habituelle de trois jours, alt\u00e9rant significativement ses traits familiers. Sur Instagram, l&rsquo;annonce d&rsquo;un nouveau projet cin\u00e9matographique est presque \u00e9clips\u00e9e par cette transformation physique.<\/p>\n\n\n\n<p>Les r\u00e9actions des fans ne se font pas attendre et r\u00e9v\u00e8lent une v\u00e9ritable division d&rsquo;opinions :<\/p>\n\n\n\n<ul class=\"wp-block-list\">\n<li>Certains admirateurs saluent son audace avec enthousiasme<\/li>\n\n\n\n<li>D&rsquo;autres expriment leur perplexit\u00e9 face \u00e0 ce changement inattendu<\/li>\n\n\n\n<li>Plusieurs lui sugg\u00e8rent de revenir \u00e0 son look habituel rapidement<\/li>\n\n\n\n<li>Quelques-uns appr\u00e9cient ce clin d&rsquo;\u0153il aux modes pass\u00e9es<\/li>\n<\/ul>\n\n\n\n<p>Les commentaires oscillent entre approbation \u2013 \u00ab\u00a0Trop beau\u00a0\u00bb, \u00ab\u00a0La moustache je valide\u00a0\u00bb, \u00ab\u00a0Canon la moustache\u00a0\u00bb \u2013 et r\u00e9ticence \u2013 \u00ab\u00a0Je n&rsquo;aime pas\u00a0\u00bb, \u00ab\u00a0Oh \u00e7a fait bizarre, on n&rsquo;a pas l&rsquo;habitude\u00a0\u00bb, \u00ab\u00a0Mais non, d\u00e9sol\u00e9e Matt, mais la moustache ce n&rsquo;est pas possible !\u00a0\u00bb.<\/p>\n\n\n\n<h2 class=\"wp-block-heading\">Une carri\u00e8re en perp\u00e9tuelle r\u00e9invention depuis Popstars<\/h2>\n\n\n\n<p>Ce changement d&rsquo;apparence s&rsquo;inscrit dans la continuit\u00e9 d&rsquo;un parcours marqu\u00e9 par le renouvellement. <strong>D\u00e9couvert en 2003 lors de la troisi\u00e8me saison de Popstars<\/strong> avec le groupe Link Up, Matthieu Tota \u2013 son nom r\u00e9el \u2013 a su \u00e9voluer pour toucher diverses g\u00e9n\u00e9rations d&rsquo;auditeurs.<\/p>\n\n\n\n<p>Vingt-deux ans apr\u00e8s ses d\u00e9buts t\u00e9l\u00e9vis\u00e9s, l&rsquo;artiste de 39 ans confirme sa place dans l&rsquo;industrie musicale fran\u00e7aise avec la sortie r\u00e9cente de son dixi\u00e8me album intitul\u00e9 <em>Adr\u00e9naline<\/em>. Ce chiffre symbolique rev\u00eat une importance particuli\u00e8re pour ce passionn\u00e9 de football, marquant son entr\u00e9e d\u00e9finitive \u00ab\u00a0dans la cour des grands\u00a0\u00bb.<\/p>\n\n\n\n<p>Comme il l&rsquo;a d\u00e9clar\u00e9 \u00e0 Sud Radio : \u00ab\u00a0On peut dire que j&rsquo;ai marqu\u00e9 mon temps, une g\u00e9n\u00e9ration en tout cas. Et ce n&rsquo;est pas de l&rsquo;ego que de le dire, je ne pr\u00e9tends pas \u00eatre le meilleur, je ne suis pas dans cette optique. Mais avec mon exp\u00e9rience de sportif, je veux laisser une trace dans mon \u00e9poque.\u00a0\u00bb<\/p>\n\n\n\n<h2 class=\"wp-block-heading\">Des projets ambitieux pour 2025-2026<\/h2>\n\n\n\n<p>La transformation physique de Matt Pokora co\u00efncide avec l&rsquo;annonce de nombreux projets professionnels. Le 10 juin 2025, le partenaire de Christina Milian a r\u00e9v\u00e9l\u00e9 sur Instagram sa participation \u00e0 un nouveau film, poursuivant ainsi sa diversification artistique entam\u00e9e en 2019 aux c\u00f4t\u00e9s de Muriel Robin dans <em>Le Premier oubli\u00e9<\/em>.<\/p>\n\n\n\n<p>Son agenda des prochains mois s&rsquo;annonce particuli\u00e8rement charg\u00e9 :<\/p>\n\n\n\n<figure class=\"wp-block-table\"><table class=\"has-fixed-layout\"><tbody><tr><th>P\u00e9riode<\/th><th>Projet<\/th><th>Type<\/th><\/tr><tr><td>Mars 2025<\/td><td>Album Adr\u00e9naline<\/td><td>Musique (10\u00e8me album)<\/td><\/tr><tr><td>2025<\/td><td>Nouveau film<\/td><td>Cin\u00e9ma<\/td><\/tr><tr><td>2026<\/td><td>Tourn\u00e9e des Z\u00e9niths<\/td><td>Concerts<\/td><\/tr><\/tbody><\/table><\/figure>\n\n\n\n<p>Cette polyvalence artistique t\u00e9moigne de <strong>la volont\u00e9 de laisser une marque durable dans le paysage culturel fran\u00e7ais<\/strong>. P\u00e8re de deux enfants \u2013 Isaiah n\u00e9 en janvier 2020 et Kenna n\u00e9 en avril 2021 \u2013 Matt Pokora semble aborder cette nouvelle phase de sa carri\u00e8re avec une confiance renouvel\u00e9e.<\/p>\n\n\n\n<p>Si sa nouvelle apparence d\u00e9concerte une partie de son public, elle illustre parfaitement sa capacit\u00e9 \u00e0 surprendre et \u00e0 se r\u00e9inventer. Que l&rsquo;on appr\u00e9cie ou non sa moustache vintage, il est ind\u00e9niable que Matt Pokora reste fid\u00e8le \u00e0 son image d&rsquo;artiste en constante \u00e9volution, pr\u00eat \u00e0 perturber les habitudes de son public pour continuer \u00e0 marquer les esprits.<\/p>\n","protected":false},"excerpt":{"rendered":"<p>La m\u00e9tamorphose physique de Matt Pokora suscite l&rsquo;engouement sur les r\u00e9seaux sociaux ces derniers jours. Le chanteur originaire de Strasbourg, c\u00e9l\u00e8bre pour ses nombreuses transformations au fil du temps, surprend actuellement ses fans avec un nouveau look vintage qui ne passe pas inaper\u00e7u. Ce changement radical intervient alors que l&rsquo;artiste s&rsquo;appr\u00eate \u00e0 d\u00e9voiler de nouveaux [&hellip;]<\/p>\n","protected":false},"author":1,"featured_media":412,"comment_status":"open","ping_status":"open","sticky":false,"template":"","format":"standard","meta":{"_seopress_robots_primary_cat":"","_seopress_titles_title":"","_seopress_titles_desc":"","_seopress_robots_index":"","footnotes":""},"categories":[7],"tags":[],"class_list":{"0":"post-411","1":"post","2":"type-post","3":"status-publish","4":"format-standard","5":"has-post-thumbnail","7":"category-societe"},"_links":{"self":[{"href":"https:\/\/cuberg.net\/fr\/wp-json\/wp\/v2\/posts\/411","targetHints":{"allow":["GET"]}}],"collection":[{"href":"https:\/\/cuberg.net\/fr\/wp-json\/wp\/v2\/posts"}],"about":[{"href":"https:\/\/cuberg.net\/fr\/wp-json\/wp\/v2\/types\/post"}],"author":[{"embeddable":true,"href":"https:\/\/cuberg.net\/fr\/wp-json\/wp\/v2\/users\/1"}],"replies":[{"embeddable":true,"href":"https:\/\/cuberg.net\/fr\/wp-json\/wp\/v2\/comments?post=411"}],"version-history":[{"count":1,"href":"https:\/\/cuberg.net\/fr\/wp-json\/wp\/v2\/posts\/411\/revisions"}],"predecessor-version":[{"id":1343,"href":"https:\/\/cuberg.net\/fr\/wp-json\/wp\/v2\/posts\/411\/revisions\/1343"}],"wp:featuredmedia":[{"embeddable":true,"href":"https:\/\/cuberg.net\/fr\/wp-json\/wp\/v2\/media\/412"}],"wp:attachment":[{"href":"https:\/\/cuberg.net\/fr\/wp-json\/wp\/v2\/media?parent=411"}],"wp:term":[{"taxonomy":"category","embeddable":true,"href":"https:\/\/cuberg.net\/fr\/wp-json\/wp\/v2\/categories?post=411"},{"taxonomy":"post_tag","embeddable":true,"href":"https:\/\/cuberg.net\/fr\/wp-json\/wp\/v2\/tags?post=411"}],"curies":[{"name":"wp","href":"https:\/\/api.w.org\/{rel}","templated":true}]}}