{"id":425,"date":"2025-09-15T11:50:00","date_gmt":"2025-09-15T09:50:00","guid":{"rendered":"https:\/\/cuberg.net\/fr\/?p=425"},"modified":"2025-09-14T19:12:15","modified_gmt":"2025-09-14T17:12:15","slug":"a-la-retraite-je-touche-une-belle-somme-a-4-chiffres-et-je-suis-etranger-voici-comment-jai-obtenu-cette-aide-malgre-les-conditions-strictes","status":"publish","type":"post","link":"https:\/\/cuberg.net\/fr\/a-la-retraite-je-touche-une-belle-somme-a-4-chiffres-et-je-suis-etranger-voici-comment-jai-obtenu-cette-aide-malgre-les-conditions-strictes\/","title":{"rendered":"\u00ab\u00a0A la retraite je touche une belle somme \u00e0 4 chiffres, et je suis \u00e9tranger\u00a0\u00bb : voici comment j\u2019ai obtenu cette aide malgr\u00e9 les conditions strictes"},"content":{"rendered":"\n<p>Explorer le fonctionnement du syst\u00e8me administratif fran\u00e7ais peut sembler complexe, en particulier pour les \u00e9trangers cherchant \u00e0 acc\u00e9der aux prestations sociales. J&rsquo;ai constat\u00e9 qu&rsquo;il \u00e9tait envisageable de b\u00e9n\u00e9ficier de <strong>l&rsquo;Allocation de Solidarit\u00e9 aux Personnes \u00c2g\u00e9es (ASPA)<\/strong> malgr\u00e9 ma nationalit\u00e9 \u00e9trang\u00e8re. Cette aide pr\u00e9cieuse assure d\u00e9sormais un compl\u00e9ment de revenu confortable avec un montant mensuel \u00e0 quatre chiffres. Voici comment j&rsquo;ai navigu\u00e9 \u00e0 travers ce processus et surmont\u00e9 les obstacles bureaucratiques.<\/p>\n\n\n\n<h2 class=\"wp-block-heading\">Comment obtenir l&rsquo;ASPA en tant que retrait\u00e9 \u00e9tranger<\/h2>\n\n\n\n<p>L&rsquo;ASPA repr\u00e9sente un soutien financier essentiel pour les retrait\u00e9s aux revenus modestes. Contrairement aux id\u00e9es re\u00e7ues, <strong>cette allocation n&rsquo;est pas exclusivement r\u00e9serv\u00e9e aux citoyens fran\u00e7ais<\/strong>. Pour y avoir droit en tant qu&rsquo;\u00e9tranger, plusieurs crit\u00e8res doivent \u00eatre remplis simultan\u00e9ment.<\/p>\n\n\n\n<p>Tout d&rsquo;abord, il est n\u00e9cessaire de justifier d&rsquo;une <strong>r\u00e9sidence stable et r\u00e9guli\u00e8re en France<\/strong>. Cette condition implique g\u00e9n\u00e9ralement la d\u00e9tention d&rsquo;un titre de s\u00e9jour valide depuis au moins 10 ans. Bien que cette dur\u00e9e puisse sembler dissuasive, des exceptions existent.<\/p>\n\n\n\n<p>Les cat\u00e9gories suivantes b\u00e9n\u00e9ficient de conditions plus avantageuses :<\/p>\n\n\n\n<ul class=\"wp-block-list\">\n<li>R\u00e9fugi\u00e9s et apatrides reconnus<\/li>\n\n\n\n<li>Anciens combattants pour la France<\/li>\n\n\n\n<li>Ressortissants de l&rsquo;Union europ\u00e9enne<\/li>\n\n\n\n<li>Citoyens de l&rsquo;Espace \u00c9conomique Europ\u00e9en<\/li>\n\n\n\n<li>Ressortissants suisses<\/li>\n<\/ul>\n\n\n\n<p>L&rsquo;\u00e2ge minimum requis est de 65 ans, identique \u00e0 celui des citoyens fran\u00e7ais. Mon dossier a \u00e9t\u00e9 \u00e9valu\u00e9 par <strong>la Caisse Nationale d&rsquo;Assurance Vieillesse (CNAV)<\/strong> qui examine minutieusement chaque crit\u00e8re d&rsquo;\u00e9ligibilit\u00e9.<\/p>\n\n\n\n<h2 class=\"wp-block-heading\">Les crit\u00e8res financiers et les r\u00e9gimes sp\u00e9cifiques<\/h2>\n\n\n\n<p>\u00c9tant une aide soumise \u00e0 des conditions de ressources, l&rsquo;ASPA n\u00e9cessite que vos revenus ne d\u00e9passent pas certains plafonds. En 2025, ces seuils sont fix\u00e9s \u00e0 <strong>1 034,28 \u20ac bruts mensuels pour une personne seule<\/strong> et 1 605,73 \u20ac pour un couple. La CNAV d\u00e9termine le montant accord\u00e9 en fonction de la diff\u00e9rence entre vos revenus actuels et ces plafonds.<\/p>\n\n\n\n<p>Les ressortissants europ\u00e9ens b\u00e9n\u00e9ficient d&rsquo;un traitement privil\u00e9gi\u00e9. Si vous \u00eates originaire d&rsquo;un pays de l&rsquo;UE, de l&rsquo;EEE ou de la Suisse, <em>une pr\u00e9sence de seulement trois mois sur le territoire fran\u00e7ais<\/em> peut suffire pour \u00eatre \u00e9ligible, contre dix ans pour les autres nationalit\u00e9s.<\/p>\n\n\n\n<figure class=\"wp-block-table\"><table class=\"has-fixed-layout\"><tbody><tr><th>Cat\u00e9gorie<\/th><th>Dur\u00e9e de r\u00e9sidence requise<\/th><th>Plafond mensuel (personne seule)<\/th><\/tr><tr><td>Ressortissant non-europ\u00e9en standard<\/td><td>10 ans minimum<\/td><td>1 034,28 \u20ac<\/td><\/tr><tr><td>Ressortissant europ\u00e9en<\/td><td>3 mois<\/td><td>1 034,28 \u20ac<\/td><\/tr><tr><td>R\u00e9fugi\u00e9 ou apatride<\/td><td>Pas de dur\u00e9e minimale<\/td><td>1 034,28 \u20ac<\/td><\/tr><\/tbody><\/table><\/figure>\n\n\n\n<p>Dans mon cas, j&rsquo;ai pu fournir <em>un relev\u00e9 de carri\u00e8re d\u00e9taill\u00e9 indiquant mes trimestres cotis\u00e9s en France<\/em>. Ce document a consid\u00e9rablement renforc\u00e9 ma demande en attestant de mon int\u00e9gration dans le syst\u00e8me fran\u00e7ais.<\/p>\n\n\n\n<h2 class=\"wp-block-heading\">Les situations entra\u00eenant le rejet de l&rsquo;ASPA<\/h2>\n\n\n\n<p>Certaines situations entra\u00eenent automatiquement le refus de la demande d&rsquo;ASPA. Un <strong>s\u00e9jour irr\u00e9gulier sur le territoire fran\u00e7ais<\/strong> constitue un motif d&rsquo;exclusion imm\u00e9diat. Sans titre de s\u00e9jour valide, l&rsquo;acc\u00e8s \u00e0 cette allocation est impossible.<\/p>\n\n\n\n<p>Une pr\u00e9sence trop r\u00e9cente en France (moins de 10 ans pour les non-Europ\u00e9ens) repr\u00e9sente \u00e9galement un obstacle majeur. J&rsquo;ai personnellement d\u00fb rassembler des <em>documents administratifs, fiscaux et professionnels<\/em> couvrant plus d&rsquo;une d\u00e9cennie pour valider ma demande.<\/p>\n\n\n\n<p>L&rsquo;ASPA exige que toutes les conditions soient remplies simultan\u00e9ment. Voici les \u00e9tapes chronologiques \u00e0 respecter :<\/p>\n\n\n\n<ol class=\"wp-block-list\">\n<li>V\u00e9rifier son \u00e9ligibilit\u00e9 en fonction de sa nationalit\u00e9 et de sa situation<\/li>\n\n\n\n<li>Rassembler tous les justificatifs de r\u00e9sidence et de ressources<\/li>\n\n\n\n<li>Soumettre un dossier complet \u00e0 sa caisse de retraite<\/li>\n\n\n\n<li>R\u00e9pondre aux \u00e9ventuelles demandes compl\u00e9mentaires<\/li>\n\n\n\n<li>Attendre la d\u00e9cision finale de la CNAV<\/li>\n<\/ol>\n\n\n\n<p>Il est important de noter que <strong>cette aide sociale n&rsquo;est vers\u00e9e qu&rsquo;en France<\/strong>. Un s\u00e9jour \u00e0 l&rsquo;\u00e9tranger, m\u00eame temporaire et au-del\u00e0 d&rsquo;une certaine dur\u00e9e, peut entra\u00eener la suspension des paiements, quelle que soit votre nationalit\u00e9.<\/p>\n\n\n\n<p>En respectant rigoureusement ces crit\u00e8res et en constituant un dossier solide, j&rsquo;ai pu obtenir cette allocation qui compl\u00e8te significativement ma retraite. Cette exp\u00e9rience d\u00e9montre que <em>le syst\u00e8me social fran\u00e7ais reste accessible aux r\u00e9sidents \u00e9trangers<\/em> remplissant les conditions l\u00e9gales \u00e9tablies.<\/p>\n","protected":false},"excerpt":{"rendered":"<p>Explorer le fonctionnement du syst\u00e8me administratif fran\u00e7ais peut sembler complexe, en particulier pour les \u00e9trangers cherchant \u00e0 acc\u00e9der aux prestations sociales. J&rsquo;ai constat\u00e9 qu&rsquo;il \u00e9tait envisageable de b\u00e9n\u00e9ficier de l&rsquo;Allocation de Solidarit\u00e9 aux Personnes \u00c2g\u00e9es (ASPA) malgr\u00e9 ma nationalit\u00e9 \u00e9trang\u00e8re. Cette aide pr\u00e9cieuse assure d\u00e9sormais un compl\u00e9ment de revenu confortable avec un montant mensuel \u00e0 [&hellip;]<\/p>\n","protected":false},"author":1,"featured_media":426,"comment_status":"open","ping_status":"open","sticky":false,"template":"","format":"standard","meta":{"_seopress_robots_primary_cat":"","_seopress_titles_title":"","_seopress_titles_desc":"","_seopress_robots_index":"","footnotes":""},"categories":[7],"tags":[],"class_list":{"0":"post-425","1":"post","2":"type-post","3":"status-publish","4":"format-standard","5":"has-post-thumbnail","7":"category-societe"},"_links":{"self":[{"href":"https:\/\/cuberg.net\/fr\/wp-json\/wp\/v2\/posts\/425","targetHints":{"allow":["GET"]}}],"collection":[{"href":"https:\/\/cuberg.net\/fr\/wp-json\/wp\/v2\/posts"}],"about":[{"href":"https:\/\/cuberg.net\/fr\/wp-json\/wp\/v2\/types\/post"}],"author":[{"embeddable":true,"href":"https:\/\/cuberg.net\/fr\/wp-json\/wp\/v2\/users\/1"}],"replies":[{"embeddable":true,"href":"https:\/\/cuberg.net\/fr\/wp-json\/wp\/v2\/comments?post=425"}],"version-history":[{"count":1,"href":"https:\/\/cuberg.net\/fr\/wp-json\/wp\/v2\/posts\/425\/revisions"}],"predecessor-version":[{"id":1221,"href":"https:\/\/cuberg.net\/fr\/wp-json\/wp\/v2\/posts\/425\/revisions\/1221"}],"wp:featuredmedia":[{"embeddable":true,"href":"https:\/\/cuberg.net\/fr\/wp-json\/wp\/v2\/media\/426"}],"wp:attachment":[{"href":"https:\/\/cuberg.net\/fr\/wp-json\/wp\/v2\/media?parent=425"}],"wp:term":[{"taxonomy":"category","embeddable":true,"href":"https:\/\/cuberg.net\/fr\/wp-json\/wp\/v2\/categories?post=425"},{"taxonomy":"post_tag","embeddable":true,"href":"https:\/\/cuberg.net\/fr\/wp-json\/wp\/v2\/tags?post=425"}],"curies":[{"name":"wp","href":"https:\/\/api.w.org\/{rel}","templated":true}]}}