{"id":441,"date":"2025-09-10T17:03:00","date_gmt":"2025-09-10T15:03:00","guid":{"rendered":"https:\/\/cuberg.net\/fr\/?p=441"},"modified":"2025-09-09T17:02:54","modified_gmt":"2025-09-09T15:02:54","slug":"les-personnes-qui-portent-ces-noms-ont-plus-de-chance-detre-infideles-selon-une-etude","status":"publish","type":"post","link":"https:\/\/cuberg.net\/fr\/les-personnes-qui-portent-ces-noms-ont-plus-de-chance-detre-infideles-selon-une-etude\/","title":{"rendered":"Les personnes qui portent ces noms ont plus de chance d&rsquo;\u00eatre infid\u00e8les, selon une \u00e9tude"},"content":{"rendered":"\n<p>Une r\u00e9cente enqu\u00eate r\u00e9alis\u00e9e par Gleeden.com, plateforme sp\u00e9cialis\u00e9e dans les liaisons extraconjugales, a mis en \u00e9vidence une corr\u00e9lation \u00e9tonnante entre certains pr\u00e9noms et la propension \u00e0 l&rsquo;infid\u00e9lit\u00e9. Cette analyse, bas\u00e9e sur les donn\u00e9es de 2,5 millions d&rsquo;utilisateurs en France, r\u00e9v\u00e8le des tendances qui soul\u00e8vent des questions sur les possibles liens entre nos pr\u00e9noms et nos comportements amoureux.<\/p>\n\n\n\n<h2 class=\"wp-block-heading\">Pr\u00e9noms et infid\u00e9lit\u00e9 : une corr\u00e9lation r\u00e9v\u00e9latrice<\/h2>\n\n\n\n<p>L&rsquo;\u00e9tude men\u00e9e par Gleeden repose sur un \u00e9chantillon significatif de plus de 8 600 participants (4 309 femmes et 4 326 hommes) ayant admis avoir \u00e9t\u00e9 infid\u00e8les au cours de l&rsquo;ann\u00e9e pr\u00e9c\u00e9dente. Les r\u00e9sultats obtenus dressent un tableau saisissant des pr\u00e9noms les plus associ\u00e9s aux relations extraconjugales en France.<\/p>\n\n\n\n<p>Chez les hommes, Patrick se classe en t\u00eate de ce classement peu enviable, suivi de pr\u00e8s par St\u00e9phane et Fran\u00e7ois. Pierre et Thomas compl\u00e8tent le top 5, tandis qu&rsquo;Alexandre, Geoffrey, Matthieu, Didier et Maxime figurent \u00e9galement parmi les dix pr\u00e9noms masculins les plus susceptibles d&rsquo;\u00eatre li\u00e9s \u00e0 l&rsquo;infid\u00e9lit\u00e9.<\/p>\n\n\n\n<p>C\u00f4t\u00e9 f\u00e9minin, le trio de t\u00eate est compos\u00e9 d&rsquo;H\u00e9l\u00e8ne, Julie et Anne. Catherine et Isabelle suivent, pr\u00e9c\u00e9dant Christelle, Alice et Juliette. Vanessa et Cl\u00e9mence ferment la marche de ce top 10 f\u00e9minin. Selon Sol\u00e8ne Paillet, directrice de communication chez Gleeden, <strong>ces pr\u00e9noms correspondent souvent \u00e0 des personnes n\u00e9es dans les ann\u00e9es 70 et issues de cat\u00e9gories socioprofessionnelles sup\u00e9rieures<\/strong>.<\/p>\n\n\n\n<p>Il est \u00e0 noter que certains comportements peuvent r\u00e9v\u00e9ler une propension \u00e0 l&rsquo;infid\u00e9lit\u00e9.&nbsp;<a href=\"https:\/\/lesactivateurs.fr\/8-phrases-trahissent-comportement-egocentrique-invisible-toxique-quotidien\/\">Ces 8 phrases trahissent un comportement \u00e9gocentrique invisible mais toxique au quotidien<\/a>, pouvant constituer des signaux d&rsquo;alerte au sein d&rsquo;une relation amoureuse.<\/p>\n\n\n\n<figure class=\"wp-block-table\"><table class=\"has-fixed-layout\"><tbody><tr><th>Rang<\/th><th>Pr\u00e9noms masculins<\/th><th>Pr\u00e9noms f\u00e9minins<\/th><\/tr><tr><td>1<\/td><td>Patrick<\/td><td>H\u00e9l\u00e8ne<\/td><\/tr><tr><td>2<\/td><td>St\u00e9phane<\/td><td>Julie<\/td><\/tr><tr><td>3<\/td><td>Fran\u00e7ois<\/td><td>Anne<\/td><\/tr><tr><td>4<\/td><td>Pierre<\/td><td>Catherine<\/td><\/tr><tr><td>5<\/td><td>Thomas<\/td><td>Isabelle<\/td><\/tr><\/tbody><\/table><\/figure>\n\n\n\n<h2 class=\"wp-block-heading\">Les facteurs psychologiques derri\u00e8re l&rsquo;infid\u00e9lit\u00e9<\/h2>\n\n\n\n<p>Au-del\u00e0 des simples donn\u00e9es sur les pr\u00e9noms, l&rsquo;infid\u00e9lit\u00e9 trouve ses origines dans des m\u00e9canismes psychologiques complexes. L&rsquo;un de ces m\u00e9canismes, le \u00ab\u00a0toc du couple\u00a0\u00bb, se caract\u00e9rise par des pens\u00e9es obsessionnelles concernant la relation amoureuse. Les personnes touch\u00e9es se posent constamment des questions :&nbsp;<em>Sommes-nous vraiment compatibles ? Est-ce que je ressens suffisamment d&rsquo;affection ?<\/em><\/p>\n\n\n\n<p>Ces doutes persistants peuvent entra\u00eener des comportements compulsifs, comme la recherche constante de validation aupr\u00e8s de l&rsquo;entourage ou une fixation excessive sur certains aspects physiques du partenaire. Selon des \u00e9tudes cit\u00e9es par plusieurs sources m\u00e9dicales,&nbsp;<strong>ces troubles obsessionnels compulsifs auraient une composante g\u00e9n\u00e9tique<\/strong>, impliquant notamment le lobe pr\u00e9frontal et des d\u00e9s\u00e9quilibres de neurotransmetteurs comme la s\u00e9rotonine.<\/p>\n\n\n\n<p>Pour aider une personne souffrant de ce trouble, il est essentiel d&rsquo;opter pour une approche bienveillante sans c\u00e9der \u00e0 la tentation de la r\u00e9assurance constante. L&rsquo;Organisation mondiale de la Sant\u00e9 (OMS) recommande la th\u00e9rapie comportementale et cognitive, en particulier la th\u00e9rapie d&rsquo;acceptation et d&rsquo;engagement, parfois associ\u00e9e \u00e0 des antid\u00e9presseurs s\u00e9rotoninergiques.<\/p>\n\n\n\n<p>Face aux d\u00e9fis relationnels actuels, de plus en plus de personnes cherchent \u00e0 ralentir leur rythme de vie pour renouer avec elles-m\u00eames et avec leurs partenaires.&nbsp;<a href=\"https:\/\/lesactivateurs.fr\/comment-adopter-style-vie-slow-living-vie-plus-equilibree\/\">Comment adopter un style de vie slow living pour une vie plus \u00e9quilibr\u00e9e ?<\/a>&nbsp;Cette approche pourrait constituer une r\u00e9ponse pr\u00e9ventive aux tensions relationnelles pouvant mener \u00e0 l&rsquo;infid\u00e9lit\u00e9.<\/p>\n\n\n\n<h2 class=\"wp-block-heading\">Tendances et \u00e9volutions des comportements infid\u00e8les<\/h2>\n\n\n\n<p>Les \u00e9tudes statistiques montrent que&nbsp;<strong>l&rsquo;infid\u00e9lit\u00e9 ne se limite pas \u00e0 une tranche d&rsquo;\u00e2ge sp\u00e9cifique<\/strong>. Par cons\u00e9quent, une augmentation de l&rsquo;infid\u00e9lit\u00e9 chez les plus de 55 ans a \u00e9t\u00e9 observ\u00e9e ces derni\u00e8res ann\u00e9es. Cette \u00e9volution soul\u00e8ve des interrogations sur les facteurs sociaux et personnels influen\u00e7ant nos comportements amoureux tout au long de notre vie.<\/p>\n\n\n\n<p>Selon Statista, les hommes seraient g\u00e9n\u00e9ralement plus enclins \u00e0 l&rsquo;infid\u00e9lit\u00e9 que les femmes, mais cet \u00e9cart tend \u00e0 se r\u00e9duire. Parmi les d\u00e9clencheurs les plus fr\u00e9quemment cit\u00e9s, on retrouve :<\/p>\n\n\n\n<ul class=\"wp-block-list\">\n<li>L&rsquo;insatisfaction \u00e9motionnelle dans la relation principale<\/li>\n\n\n\n<li>La recherche de nouvelles exp\u00e9riences<\/li>\n\n\n\n<li>Des probl\u00e8mes de communication non r\u00e9solus<\/li>\n\n\n\n<li>Un sentiment de routine et d&rsquo;ennui<\/li>\n\n\n\n<li>Des fragilit\u00e9s psychologiques personnelles<\/li>\n<\/ul>\n\n\n\n<p>Il serait simpliste d&rsquo;attribuer une propension \u00e0 l&rsquo;infid\u00e9lit\u00e9 uniquement sur la base d&rsquo;un pr\u00e9nom. Ces donn\u00e9es statistiques refl\u00e8tent davantage des tendances g\u00e9n\u00e9rationnelles et sociologiques que des pr\u00e9dispositions li\u00e9es aux pr\u00e9noms.&nbsp;<em>Les corr\u00e9lations observ\u00e9es pourraient d\u00e9couler simplement de la popularit\u00e9 de certains pr\u00e9noms \u00e0 des \u00e9poques sp\u00e9cifiques, correspondant \u00e0 des g\u00e9n\u00e9rations aujourd&rsquo;hui bien repr\u00e9sent\u00e9es sur les plateformes de rencontres extraconjugales<\/em>.<\/p>\n\n\n\n<p>Que vous ayez ou non l&rsquo;un des pr\u00e9noms mentionn\u00e9s dans cette \u00e9tude, gardez \u00e0 l&rsquo;esprit que la fid\u00e9lit\u00e9 demeure avant tout une question de choix personnel, d&rsquo;engagement et de communication au sein du couple.<\/p>\n","protected":false},"excerpt":{"rendered":"<p>Une r\u00e9cente enqu\u00eate r\u00e9alis\u00e9e par Gleeden.com, plateforme sp\u00e9cialis\u00e9e dans les liaisons extraconjugales, a mis en \u00e9vidence une corr\u00e9lation \u00e9tonnante entre certains pr\u00e9noms et la propension \u00e0 l&rsquo;infid\u00e9lit\u00e9. Cette analyse, bas\u00e9e sur les donn\u00e9es de 2,5 millions d&rsquo;utilisateurs en France, r\u00e9v\u00e8le des tendances qui soul\u00e8vent des questions sur les possibles liens entre nos pr\u00e9noms et nos [&hellip;]<\/p>\n","protected":false},"author":1,"featured_media":442,"comment_status":"open","ping_status":"open","sticky":false,"template":"","format":"standard","meta":{"_seopress_robots_primary_cat":"","_seopress_titles_title":"","_seopress_titles_desc":"","_seopress_robots_index":"","footnotes":""},"categories":[7],"tags":[],"class_list":{"0":"post-441","1":"post","2":"type-post","3":"status-publish","4":"format-standard","5":"has-post-thumbnail","7":"category-societe"},"_links":{"self":[{"href":"https:\/\/cuberg.net\/fr\/wp-json\/wp\/v2\/posts\/441","targetHints":{"allow":["GET"]}}],"collection":[{"href":"https:\/\/cuberg.net\/fr\/wp-json\/wp\/v2\/posts"}],"about":[{"href":"https:\/\/cuberg.net\/fr\/wp-json\/wp\/v2\/types\/post"}],"author":[{"embeddable":true,"href":"https:\/\/cuberg.net\/fr\/wp-json\/wp\/v2\/users\/1"}],"replies":[{"embeddable":true,"href":"https:\/\/cuberg.net\/fr\/wp-json\/wp\/v2\/comments?post=441"}],"version-history":[{"count":1,"href":"https:\/\/cuberg.net\/fr\/wp-json\/wp\/v2\/posts\/441\/revisions"}],"predecessor-version":[{"id":1173,"href":"https:\/\/cuberg.net\/fr\/wp-json\/wp\/v2\/posts\/441\/revisions\/1173"}],"wp:featuredmedia":[{"embeddable":true,"href":"https:\/\/cuberg.net\/fr\/wp-json\/wp\/v2\/media\/442"}],"wp:attachment":[{"href":"https:\/\/cuberg.net\/fr\/wp-json\/wp\/v2\/media?parent=441"}],"wp:term":[{"taxonomy":"category","embeddable":true,"href":"https:\/\/cuberg.net\/fr\/wp-json\/wp\/v2\/categories?post=441"},{"taxonomy":"post_tag","embeddable":true,"href":"https:\/\/cuberg.net\/fr\/wp-json\/wp\/v2\/tags?post=441"}],"curies":[{"name":"wp","href":"https:\/\/api.w.org\/{rel}","templated":true}]}}