{"id":487,"date":"2025-09-05T11:03:00","date_gmt":"2025-09-05T09:03:00","guid":{"rendered":"https:\/\/cuberg.net\/fr\/?p=487"},"modified":"2025-09-03T18:37:21","modified_gmt":"2025-09-03T16:37:21","slug":"guerre-en-cas-de-mobilisation-generale-voici-a-partir-de-quel-age-et-jusqua-quel-age-il-est-possible-detre-appele","status":"publish","type":"post","link":"https:\/\/cuberg.net\/fr\/guerre-en-cas-de-mobilisation-generale-voici-a-partir-de-quel-age-et-jusqua-quel-age-il-est-possible-detre-appele\/","title":{"rendered":"Guerre : en cas de mobilisation g\u00e9n\u00e9rale, voici \u00e0 partir de quel \u00e2ge et jusqu\u2019\u00e0 quel \u00e2ge il est possible d\u2019\u00eatre appel\u00e9"},"content":{"rendered":"\n<p>Face \u00e0 l&rsquo;escalade des tensions internationales, de nombreuses interrogations surgissent quant aux cons\u00e9quences d&rsquo;un \u00e9ventuel conflit majeur. Qui serait mobilis\u00e9 en cas de n\u00e9cessit\u00e9 d&rsquo;une mobilisation g\u00e9n\u00e9rale en France ? Analysons les m\u00e9canismes et les crit\u00e8res d&rsquo;\u00e2ge qui pourraient \u00eatre appliqu\u00e9s dans un tel sc\u00e9nario.<\/p>\n\n\n\n<h2 class=\"wp-block-heading\">La configuration actuelle des forces arm\u00e9es fran\u00e7aises<\/h2>\n\n\n\n<p>Depuis la suppression du <a href=\"https:\/\/velds.com\/blog\/cest-retour-service-militaire-emmanuel-macron-va-faire-des-annonces-majeures-concernant-defense-13-juillet\/\" data-type=\"post\" data-id=\"805\">service militaire<\/a> obligatoire en 1997 sous la pr\u00e9sidence de Jacques Chirac, la France repose sur une <strong>arm\u00e9e enti\u00e8rement professionnelle<\/strong>. Cette force compte actuellement environ 151 000 militaires en service actif r\u00e9partis dans diff\u00e9rentes branches.<\/p>\n\n\n\n<p>La r\u00e9partition des effectifs militaires fran\u00e7ais se pr\u00e9sente comme suit :<\/p>\n\n\n\n<ul class=\"wp-block-list\">\n<li>77 000 soldats dans l&rsquo;arm\u00e9e de Terre<\/li>\n\n\n\n<li>34 000 membres de la Marine nationale<\/li>\n\n\n\n<li>40 000 aviateurs dans l&rsquo;arm\u00e9e de l&rsquo;Air et de l&rsquo;Espace<\/li>\n<\/ul>\n\n\n\n<p>En compl\u00e9ment, on compte <strong>pr\u00e8s de 33 700 r\u00e9servistes op\u00e9rationnels<\/strong> \u00e2g\u00e9s de 18 \u00e0 45 ans. Ces r\u00e9servistes constituent une force suppl\u00e9tive pr\u00e9cieuse, notamment pour des missions telles que Sentinelle, assurant la s\u00e9curit\u00e9 dans les lieux publics.<\/p>\n\n\n\n<p>La coordination op\u00e9rationnelle des forces terrestres se fait depuis Lille, o\u00f9 les strat\u00e9gies d&rsquo;intervention sont \u00e9labor\u00e9es et mises en \u0153uvre en fonction des besoins identifi\u00e9s par l&rsquo;\u00e9tat-major.<\/p>\n\n\n\n<h2 class=\"wp-block-heading\">Cadre juridique et historique de la mobilisation g\u00e9n\u00e9rale<\/h2>\n\n\n\n<p>M\u00eame si la France dispose actuellement d&rsquo;une arm\u00e9e professionnelle, le Code de la d\u00e9fense (articles L2141-1 \u00e0 L2141-4) maintient la <strong>possibilit\u00e9 l\u00e9gale d&rsquo;une mobilisation g\u00e9n\u00e9rale<\/strong>. Cette mesure exceptionnelle n&rsquo;a pas \u00e9t\u00e9 mise en \u0153uvre depuis 1939, au d\u00e9but de la Seconde Guerre mondiale.<\/p>\n\n\n\n<p>La d\u00e9cision de recourir \u00e0 une telle mobilisation rel\u00e8ve exclusivement du pouvoir ex\u00e9cutif :<\/p>\n\n\n\n<figure class=\"wp-block-table\"><table class=\"has-fixed-layout\"><tbody><tr><th>Autorit\u00e9 comp\u00e9tente<\/th><th>Proc\u00e9dure<\/th><\/tr><tr><td>Pr\u00e9sident de la R\u00e9publique<\/td><td>Signature d&rsquo;un d\u00e9cret en Conseil des ministres<\/td><\/tr><\/tbody><\/table><\/figure>\n\n\n\n<p>Lors de la derni\u00e8re mobilisation g\u00e9n\u00e9rale en 1939, seuls les hommes \u00e2g\u00e9s de 18 \u00e0 45 ans \u00e9taient concern\u00e9s. Chaque mobilis\u00e9 poss\u00e9dait alors un livret militaire pr\u00e9cisant son affectation, r\u00e9sultat de son passage par le service militaire obligatoire.<\/p>\n\n\n\n<p>Aujourd&rsquo;hui, les <em>crit\u00e8res d&rsquo;\u00e2ge et de genre pourraient \u00eatre \u00e9largis<\/em> pour r\u00e9pondre aux besoins d&rsquo;un conflit moderne. Cependant, aucune disposition l\u00e9gale ne sp\u00e9cifie actuellement les nouvelles tranches d&rsquo;\u00e2ge qui pourraient \u00eatre vis\u00e9es par une \u00e9ventuelle mobilisation.<\/p>\n\n\n\n<h2 class=\"wp-block-heading\">D\u00e9fis pratiques d&rsquo;une mobilisation contemporaine<\/h2>\n\n\n\n<p>Une mobilisation g\u00e9n\u00e9rale dans le contexte actuel pr\u00e9senterait des d\u00e9fis logistiques et pratiques majeurs. Contrairement aux g\u00e9n\u00e9rations pr\u00e9c\u00e9dentes, la plupart des Fran\u00e7ais n&rsquo;ont pas re\u00e7u de formation militaire depuis la fin du service obligatoire.<\/p>\n\n\n\n<p>Selon Olivier Berger, grand reporter sp\u00e9cialis\u00e9 dans les questions militaires \u00e0 La Voix du Nord, <em>\u00ab\u00a0une mobilisation g\u00e9n\u00e9rale est pratiquement impensable\u00a0\u00bb<\/em> pour plusieurs raisons fondamentales :<\/p>\n\n\n\n<ol class=\"wp-block-list\">\n<li>Les conflits modernes exigent des comp\u00e9tences techniques pointues<\/li>\n\n\n\n<li>L&rsquo;utilisation d&rsquo;\u00e9quipements sophistiqu\u00e9s requiert une formation pouss\u00e9e<\/li>\n\n\n\n<li>Les technologies actuelles (intelligence artificielle, syst\u00e8mes d&rsquo;armes avanc\u00e9s) ne s&rsquo;acqui\u00e8rent pas en quelques semaines<\/li>\n\n\n\n<li>Le manque d&rsquo;infrastructures et de formations adapt\u00e9es \u00e0 un afflux massif<\/li>\n<\/ol>\n\n\n\n<p>De plus, la <strong>strat\u00e9gie militaire fran\u00e7aise actuelle<\/strong> repose davantage sur des actions en coalition internationale. Comme l&rsquo;explique l&rsquo;expert, \u00ab\u00a0la France estime qu&rsquo;elle agira uniquement au sein de coalitions internationales sans n\u00e9cessiter les r\u00e9serves ni une mobilisation g\u00e9n\u00e9rale \u00e9ventuelle\u00a0\u00bb.<\/p>\n\n\n\n<h2 class=\"wp-block-heading\">Perspectives d&rsquo;\u00e9volution du concept de mobilisation<\/h2>\n\n\n\n<p>Dans un monde en constante \u00e9volution conflictuelle, le concept de mobilisation g\u00e9n\u00e9rale pourrait subir des changements. Les crises futures pourraient exiger non seulement des comp\u00e9tences militaires traditionnelles, mais \u00e9galement des <strong>comp\u00e9tences dans des domaines tels que la cyberd\u00e9fense<\/strong>, les communications ou la logistique avanc\u00e9e.<\/p>\n\n\n\n<p>M\u00eame si aucune tranche d&rsquo;\u00e2ge pr\u00e9cise n&rsquo;est d\u00e9finie actuellement pour une \u00e9ventuelle mobilisation, il est probable que la fourchette historique de 18 \u00e0 45 ans servirait de base de r\u00e9flexion. Cette tranche correspond d&rsquo;ailleurs \u00e0 la limite d&rsquo;\u00e2ge actuelle pour rejoindre la r\u00e9serve op\u00e9rationnelle.<\/p>\n\n\n\n<p>La question de la mobilisation g\u00e9n\u00e9rale, bien que th\u00e9orique \u00e0 l&rsquo;heure actuelle, met en lumi\u00e8re l&rsquo;importance du d\u00e9bat sur la pr\u00e9paration de la nation face aux menaces contemporaines et le r\u00f4le que chaque citoyen pourrait jouer en cas de crise majeure.<\/p>\n","protected":false},"excerpt":{"rendered":"<p>Face \u00e0 l&rsquo;escalade des tensions internationales, de nombreuses interrogations surgissent quant aux cons\u00e9quences d&rsquo;un \u00e9ventuel conflit majeur. Qui serait mobilis\u00e9 en cas de n\u00e9cessit\u00e9 d&rsquo;une mobilisation g\u00e9n\u00e9rale en France ? Analysons les m\u00e9canismes et les crit\u00e8res d&rsquo;\u00e2ge qui pourraient \u00eatre appliqu\u00e9s dans un tel sc\u00e9nario. La configuration actuelle des forces arm\u00e9es fran\u00e7aises Depuis la suppression [&hellip;]<\/p>\n","protected":false},"author":1,"featured_media":488,"comment_status":"open","ping_status":"open","sticky":false,"template":"","format":"standard","meta":{"_seopress_robots_primary_cat":"","_seopress_titles_title":"","_seopress_titles_desc":"","_seopress_robots_index":"","footnotes":""},"categories":[7],"tags":[],"class_list":{"0":"post-487","1":"post","2":"type-post","3":"status-publish","4":"format-standard","5":"has-post-thumbnail","7":"category-societe"},"_links":{"self":[{"href":"https:\/\/cuberg.net\/fr\/wp-json\/wp\/v2\/posts\/487","targetHints":{"allow":["GET"]}}],"collection":[{"href":"https:\/\/cuberg.net\/fr\/wp-json\/wp\/v2\/posts"}],"about":[{"href":"https:\/\/cuberg.net\/fr\/wp-json\/wp\/v2\/types\/post"}],"author":[{"embeddable":true,"href":"https:\/\/cuberg.net\/fr\/wp-json\/wp\/v2\/users\/1"}],"replies":[{"embeddable":true,"href":"https:\/\/cuberg.net\/fr\/wp-json\/wp\/v2\/comments?post=487"}],"version-history":[{"count":1,"href":"https:\/\/cuberg.net\/fr\/wp-json\/wp\/v2\/posts\/487\/revisions"}],"predecessor-version":[{"id":1118,"href":"https:\/\/cuberg.net\/fr\/wp-json\/wp\/v2\/posts\/487\/revisions\/1118"}],"wp:featuredmedia":[{"embeddable":true,"href":"https:\/\/cuberg.net\/fr\/wp-json\/wp\/v2\/media\/488"}],"wp:attachment":[{"href":"https:\/\/cuberg.net\/fr\/wp-json\/wp\/v2\/media?parent=487"}],"wp:term":[{"taxonomy":"category","embeddable":true,"href":"https:\/\/cuberg.net\/fr\/wp-json\/wp\/v2\/categories?post=487"},{"taxonomy":"post_tag","embeddable":true,"href":"https:\/\/cuberg.net\/fr\/wp-json\/wp\/v2\/tags?post=487"}],"curies":[{"name":"wp","href":"https:\/\/api.w.org\/{rel}","templated":true}]}}