{"id":531,"date":"2025-09-12T07:30:00","date_gmt":"2025-09-12T05:30:00","guid":{"rendered":"https:\/\/cuberg.net\/fr\/?p=531"},"modified":"2025-09-09T17:03:07","modified_gmt":"2025-09-09T15:03:07","slug":"sfr-cest-termine-orange-bouygues-telecom-free-voici-chez-quel-operateur-mobile-les-clients-vont-atterrir","status":"publish","type":"post","link":"https:\/\/cuberg.net\/fr\/sfr-cest-termine-orange-bouygues-telecom-free-voici-chez-quel-operateur-mobile-les-clients-vont-atterrir\/","title":{"rendered":"SFR, c\u2019est termin\u00e9 : Orange, Bouygues Telecom, Free\u2026 Voici chez quel op\u00e9rateur mobile les clients vont atterrir"},"content":{"rendered":"<p>Le secteur des t\u00e9l\u00e9communications en France s&rsquo;appr\u00eate \u00e0 vivre des changements majeurs avec la possible cession de SFR par Altice, laissant planer des incertitudes sur l&rsquo;avenir de ses 6,8 millions d&rsquo;abonn\u00e9s. Cette \u00e9ventuelle \u00e9volution soul\u00e8ve des interrogations sur la r\u00e9partition de ces clients et sur l&rsquo;\u00e9quilibre futur du march\u00e9 hexagonal.<\/p>\n<h2>\u00c9volution du paysage des t\u00e9l\u00e9communications en France<\/h2>\n<p>Depuis l&rsquo;irruption de Free Mobile en 2012, le paysage des t\u00e9l\u00e9coms en France a connu une transformation radicale. Les quatre principaux op\u00e9rateurs se sont livr\u00e9 une bataille des prix b\u00e9n\u00e9fique pour les consommateurs, mais cette dynamique pourrait bient\u00f4t \u00e9voluer de mani\u00e8re significative.<\/p>\n<p>Patrick Drahi, propri\u00e9taire d&rsquo;Altice, envisage un changement strat\u00e9gique majeur apr\u00e8s avoir restructur\u00e9 sa dette de 15,5 milliards d&rsquo;euros. Les experts estiment que <strong>la vente de SFR pourrait atteindre 25 milliards d&rsquo;euros<\/strong>, soulignant ainsi l&rsquo;importance de cet acteur sur le march\u00e9.<\/p>\n<p>Cette situation survient alors que <strong>la France compte plus de 82 millions d&rsquo;abonnements mobiles pour 67 millions d&rsquo;habitants<\/strong>, pla\u00e7ant le pays parmi les plus connect\u00e9s au monde. Avec 93% des foyers ayant acc\u00e8s \u00e0 internet, les services de t\u00e9l\u00e9communications sont devenus indispensables dans la vie quotidienne des Fran\u00e7ais.<\/p>\n<p>Les pr\u00e9occupations se multiplient quant \u00e0 l&rsquo;impact potentiel de cette transaction sur:<\/p>\n<ul>\n<li>La diversit\u00e9 des offres disponibles<\/li>\n<li>L&rsquo;\u00e9volution des tarifs \u00e0 moyen terme<\/li>\n<li>La qualit\u00e9 du service pendant la transition<\/li>\n<li>Les nouvelles formes d&rsquo;escroqueries qui pourraient \u00e9merger<\/li>\n<\/ul>\n<h2>Sc\u00e9narios envisageables pour l&rsquo;avenir de SFR<\/h2>\n<p>Diverses options se profilent pour l&rsquo;avenir de SFR, chacune ayant des r\u00e9percussions diff\u00e9rentes pour les millions d&rsquo;abonn\u00e9s concern\u00e9s. Une acquisition totale par un op\u00e9rateur existant semble peu probable en raison des <em>probl\u00e8mes de concurrence potentiels<\/em> qu&rsquo;elle engendrerait.<\/p>\n<p>Si Orange, d\u00e9j\u00e0 dominant, acquiert SFR, l&rsquo;op\u00e9rateur historique se retrouverait dans une position quasi-monopolistique. De m\u00eame, un rachat par Free ou Bouygues Telecom cr\u00e9erait un d\u00e9s\u00e9quilibre majeur, mettant en p\u00e9ril la survie du troisi\u00e8me acteur.<\/p>\n<p>L&rsquo;arriv\u00e9e d&rsquo;un nouvel op\u00e9rateur \u00e9tranger est une autre possibilit\u00e9. Des groupes comme STC (Arabie Saoudite) ou Etisalat (\u00c9mirats arabes unis) pourraient manifester leur int\u00e9r\u00eat. Cependant, la r\u00e9cente tentative avort\u00e9e de STC d&rsquo;acqu\u00e9rir des parts dans Telefonica sugg\u00e8re que <strong>des consid\u00e9rations de souverainet\u00e9 nationale pourraient compliquer cette option<\/strong>.<\/p>\n<p>Face \u00e0 ces contraintes, <em>l&rsquo;id\u00e9e d&rsquo;un d\u00e9mant\u00e8lement de SFR gagne en cr\u00e9dibilit\u00e9<\/em>. Dans ce sc\u00e9nario, Orange, Free et Bouygues Telecom se partageraient les actifs en fonction de leurs strat\u00e9gies respectives:<\/p>\n<table border=\"1\">\n<tr>\n<th>Op\u00e9rateur<\/th>\n<th>Int\u00e9r\u00eat principal<\/th>\n<th>Motivation strat\u00e9gique<\/th>\n<\/tr>\n<tr>\n<td>Free (Iliad)<\/td>\n<td>Base de clients<\/td>\n<td>Renforcement de sa position sur le march\u00e9<\/td>\n<\/tr>\n<tr>\n<td>Bouygues Telecom<\/td>\n<td>Infrastructures et clients<\/td>\n<td>Revanchard apr\u00e8s l&rsquo;\u00e9chec du rachat de 2014<\/td>\n<\/tr>\n<tr>\n<td>Orange<\/td>\n<td>R\u00e9seau physique<\/td>\n<td>Consommationlidation de son infrastructure<\/td>\n<\/tr>\n<\/table>\n<h2>Destin des abonn\u00e9s SFR<\/h2>\n<p>La principale interrogation des abonn\u00e9s SFR concerne leur devenir. En cas de d\u00e9mant\u00e8lement, la r\u00e9partition des clients se ferait selon divers crit\u00e8res techniques et commerciaux.<\/p>\n<p>Thomas Reynaud, DG d&rsquo;Iliad, a d\u00e9clar\u00e9 : \u00ab Si la consolidation en France nous permet de grandir, nous serons tr\u00e8s pragmatiques \u00bb. Cette d\u00e9claration sugg\u00e8re que <strong>Free pourrait adopter une strat\u00e9gie agressive pour acqu\u00e9rir des clients<\/strong>.<\/p>\n<p>Pour les abonn\u00e9s, les cons\u00e9quences pourraient \u00eatre vari\u00e9es:<\/p>\n<ol>\n<li>Certains pourraient \u00eatre transf\u00e9r\u00e9s automatiquement vers un nouvel op\u00e9rateur<\/li>\n<li>D&rsquo;autres pourraient devoir choisir leur nouveau fournisseur<\/li>\n<li>Les conditions tarifaires pourraient \u00eatre maintenues temporairement avant d&rsquo;\u00e9voluer<\/li>\n<li>Les services propos\u00e9s pourraient subir des modifications significatives<\/li>\n<\/ol>\n<p>Alors que l&rsquo;avenir des abonn\u00e9s SFR demeure incertain, une certitude demeure: <em>le march\u00e9 fran\u00e7ais des t\u00e9l\u00e9communications s&rsquo;appr\u00eate \u00e0 vivre une mutation majeure<\/em> dans les mois \u00e0 venir, avec des r\u00e9percussions potentiellement importantes sur les prix et les services offerts aux consommateurs.<\/p>\n","protected":false},"excerpt":{"rendered":"<p>Le secteur des t\u00e9l\u00e9communications en France s&rsquo;appr\u00eate \u00e0 vivre des changements majeurs avec la possible cession de SFR par Altice, laissant planer des incertitudes sur l&rsquo;avenir de ses 6,8 millions d&rsquo;abonn\u00e9s. Cette \u00e9ventuelle \u00e9volution soul\u00e8ve des interrogations sur la r\u00e9partition de ces clients et sur l&rsquo;\u00e9quilibre futur du march\u00e9 hexagonal. \u00c9volution du paysage des t\u00e9l\u00e9communications [&hellip;]<\/p>\n","protected":false},"author":1,"featured_media":532,"comment_status":"open","ping_status":"open","sticky":false,"template":"","format":"standard","meta":{"_seopress_robots_primary_cat":"","_seopress_titles_title":"","_seopress_titles_desc":"","_seopress_robots_index":"","footnotes":""},"categories":[8],"tags":[],"class_list":{"0":"post-531","1":"post","2":"type-post","3":"status-publish","4":"format-standard","5":"has-post-thumbnail","7":"category-consommation"},"_links":{"self":[{"href":"https:\/\/cuberg.net\/fr\/wp-json\/wp\/v2\/posts\/531","targetHints":{"allow":["GET"]}}],"collection":[{"href":"https:\/\/cuberg.net\/fr\/wp-json\/wp\/v2\/posts"}],"about":[{"href":"https:\/\/cuberg.net\/fr\/wp-json\/wp\/v2\/types\/post"}],"author":[{"embeddable":true,"href":"https:\/\/cuberg.net\/fr\/wp-json\/wp\/v2\/users\/1"}],"replies":[{"embeddable":true,"href":"https:\/\/cuberg.net\/fr\/wp-json\/wp\/v2\/comments?post=531"}],"version-history":[{"count":1,"href":"https:\/\/cuberg.net\/fr\/wp-json\/wp\/v2\/posts\/531\/revisions"}],"predecessor-version":[{"id":1185,"href":"https:\/\/cuberg.net\/fr\/wp-json\/wp\/v2\/posts\/531\/revisions\/1185"}],"wp:featuredmedia":[{"embeddable":true,"href":"https:\/\/cuberg.net\/fr\/wp-json\/wp\/v2\/media\/532"}],"wp:attachment":[{"href":"https:\/\/cuberg.net\/fr\/wp-json\/wp\/v2\/media?parent=531"}],"wp:term":[{"taxonomy":"category","embeddable":true,"href":"https:\/\/cuberg.net\/fr\/wp-json\/wp\/v2\/categories?post=531"},{"taxonomy":"post_tag","embeddable":true,"href":"https:\/\/cuberg.net\/fr\/wp-json\/wp\/v2\/tags?post=531"}],"curies":[{"name":"wp","href":"https:\/\/api.w.org\/{rel}","templated":true}]}}