{"id":536,"date":"2025-09-13T16:34:00","date_gmt":"2025-09-13T14:34:00","guid":{"rendered":"https:\/\/cuberg.net\/fr\/?p=536"},"modified":"2025-09-09T17:03:14","modified_gmt":"2025-09-09T15:03:14","slug":"liliane-bettencourt-avait-etabli-sa-succession-25-ans-avant-sa-mort-de-combien-a-herite-la-famille-de-la-femme-la-plus-riche-du-monde","status":"publish","type":"post","link":"https:\/\/cuberg.net\/fr\/liliane-bettencourt-avait-etabli-sa-succession-25-ans-avant-sa-mort-de-combien-a-herite-la-famille-de-la-femme-la-plus-riche-du-monde\/","title":{"rendered":"Liliane Bettencourt avait \u00e9tabli sa succession 25 ans avant sa mort : de combien a h\u00e9rit\u00e9 la famille de la femme la plus riche du monde ?"},"content":{"rendered":"\n<p>La planification minutieuse de la succession de Liliane Bettencourt, ic\u00f4ne du luxe fran\u00e7ais et longtemps la femme la plus riche du monde, d\u00e9montre une strat\u00e9gie patrimoniale mise en place bien avant son d\u00e9c\u00e8s en 2017. Avec une fortune estim\u00e9e \u00e0 plus de 35 milliards d&rsquo;euros, l&rsquo;h\u00e9riti\u00e8re de L&rsquo;Or\u00e9al avait anticip\u00e9 sa succession d\u00e8s 1992, soit un quart de si\u00e8cle avant sa disparition, garantissant ainsi la continuit\u00e9 de son empire tout en pr\u00e9servant les int\u00e9r\u00eats de sa famille.<\/p>\n\n\n\n<h2 class=\"wp-block-heading\">La vision patrimoniale novatrice des Bettencourt<\/h2>\n\n\n\n<p>D\u00e8s 1992, <strong>Liliane Bettencourt avait soigneusement planifi\u00e9 la transmission de son patrimoine<\/strong>. Cette femme d&rsquo;affaires \u00e9clair\u00e9e avait r\u00e9parti la nue-propri\u00e9t\u00e9 de ses actions tout en conservant l&rsquo;usufruit jusqu&rsquo;\u00e0 son d\u00e9c\u00e8s. Cette r\u00e9partition pr\u00e9voyait deux tiers pour sa fille unique Fran\u00e7oise et un tiers pour ses petits-enfants, Jean-Victor et Nicolas.<\/p>\n\n\n\n<p>La holding familiale T\u00e9thys, pilier de ce dispositif, continuait de g\u00e9rer l&rsquo;usufruit sous la pr\u00e9sidence de Fran\u00e7oise Bettencourt Meyers et de son \u00e9poux Jean-Pierre Meyers. Ce montage financier complexe incluait \u00e9galement la transmission du patrimoine immobilier, notamment son prestigieux h\u00f4tel particulier de Neuilly.<\/p>\n\n\n\n<p>Selon Me Georges Kiejman, avocat de la milliardaire, <em>le testament initial aurait \u00e9t\u00e9 modifi\u00e9 pr\u00e8s de dix fois entre sa r\u00e9daction et le d\u00e9c\u00e8s de Liliane Bettencourt<\/em>. Ces ajustements successifs t\u00e9moignent d&rsquo;une gestion proactive et attentive de son patrimoine.<\/p>\n\n\n\n<h2 class=\"wp-block-heading\">L&#8217;empire L&rsquo;Or\u00e9al: une saga familiale mouvement\u00e9e<\/h2>\n\n\n\n<p>Le g\u00e9ant des cosm\u00e9tiques voit le jour en 1909 lorsque Eug\u00e8ne Schueller, p\u00e8re de Liliane, fonde l&rsquo;entreprise. \u00c0 son d\u00e9c\u00e8s en 1957, sa fille en h\u00e9rite et transforme progressivement cette soci\u00e9t\u00e9 en une multinationale incontournable du secteur. Aux c\u00f4t\u00e9s de son mari Andr\u00e9 Bettencourt, elle incarne une certaine vision du capitalisme fran\u00e7ais.<\/p>\n\n\n\n<p>Les relations familiales se d\u00e9t\u00e9riorent consid\u00e9rablement en 2007, lorsque <strong>Fran\u00e7oise Bettencourt Meyers d\u00e9couvre que sa m\u00e8re a fait don d&rsquo;environ un milliard d&rsquo;euros<\/strong> au photographe Fran\u00e7ois-Marie Banier. Ce conflit m\u00e9diatis\u00e9 m\u00e8ne \u00e0 des proc\u00e9dures judiciaires longues et douloureuses, aboutissant \u00e0 la condamnation de Banier pour abus de faiblesse.<\/p>\n\n\n\n<p>La relation m\u00e8re-fille ne se r\u00e9tablit jamais compl\u00e8tement, comme en t\u00e9moignent les d\u00e9clarations de Liliane Bettencourt sur Europe 1 en 2010 : \u00ab Pour l&rsquo;instant avec ma fille ce n&rsquo;est pas du tout en paix. Mais attention, les couteaux ne sont pas tir\u00e9s. Je vois et j&rsquo;attends. \u00bb<\/p>\n\n\n\n<h2 class=\"wp-block-heading\">La transmission du pouvoir au sein de la famille Bettencourt<\/h2>\n\n\n\n<p>L&rsquo;h\u00e9ritage Bettencourt, aujourd&rsquo;hui estim\u00e9 \u00e0 plus de 75 milliards d&rsquo;euros, continue de prosp\u00e9rer sous la direction de Fran\u00e7oise Bettencourt Meyers. Voici les \u00e9tapes cl\u00e9s de cette transmission :<\/p>\n\n\n\n<ul class=\"wp-block-list\">\n<li>En 1997, Fran\u00e7oise rejoint le conseil d&rsquo;administration de L&rsquo;Or\u00e9al<\/li>\n\n\n\n<li>En 2020, elle devient vice-pr\u00e9sidente du groupe<\/li>\n\n\n\n<li>En 2025, \u00e0 71 ans, elle passe le relais \u00e0 son fils Jean-Victor (38 ans)<\/li>\n\n\n\n<li>Elle conserve cependant la pr\u00e9sidence de T\u00e9thys Invest, principal actionnaire de L&rsquo;Or\u00e9al<\/li>\n<\/ul>\n\n\n\n<p>Cette transition marque un nouveau chapitre pour la dynastie Bettencourt-Meyers, <em>tout en assurant une continuit\u00e9 dans la gouvernance familiale de l&#8217;empire cosm\u00e9tique<\/em>. Fran\u00e7oise Bettencourt Meyers d\u00e9tient actuellement 35% du capital de L&rsquo;Or\u00e9al, consolidant ainsi sa position de femme la plus riche d&rsquo;Europe.<\/p>\n\n\n\n<figure class=\"wp-block-table\"><table class=\"has-fixed-layout\"><thead><tr><th>Ann\u00e9e<\/th><th>\u00c9v\u00e9nement marquant<\/th><th>Impact sur la succession<\/th><\/tr><\/thead><tbody><tr><td>1992<\/td><td>R\u00e9daction du premier testament<\/td><td>R\u00e9partition initiale du patrimoine<\/td><\/tr><tr><td>2007<\/td><td>R\u00e9v\u00e9lation de l&rsquo;affaire Banier<\/td><td>Tensions familiales et proc\u00e9dures judiciaires<\/td><\/tr><tr><td>2017<\/td><td>D\u00e9c\u00e8s de Liliane Bettencourt<\/td><td>Transmission effective de l&rsquo;h\u00e9ritage<\/td><\/tr><tr><td>2024<\/td><td>Patrimoine familial d\u00e9passe les 100 milliards de dollars<\/td><td>Cons\u00e9cration financi\u00e8re de la strat\u00e9gie successorale<\/td><\/tr><\/tbody><\/table><\/figure>\n\n\n\n<h2 class=\"wp-block-heading\">L&rsquo;h\u00e9ritage Bettencourt: au-del\u00e0 des donn\u00e9es chiffr\u00e9es<\/h2>\n\n\n\n<p>En 2024, Fran\u00e7oise Bettencourt Meyers devient <strong>la premi\u00e8re femme \u00e0 d\u00e9passer le seuil symbolique des 100 milliards de dollars<\/strong> de patrimoine. Cette r\u00e9ussite financi\u00e8re t\u00e9moigne de l&rsquo;efficacit\u00e9 de la strat\u00e9gie successorale mise en place par sa m\u00e8re.<\/p>\n\n\n\n<p>La troisi\u00e8me g\u00e9n\u00e9ration prend d\u00e9sormais ses responsabilit\u00e9s au sein de l&rsquo;entreprise familiale. Jean-Victor Meyers, petit-fils de Liliane Bettencourt, repr\u00e9sente l&rsquo;avenir de cette dynastie industrielle, tout en b\u00e9n\u00e9ficiant de l&rsquo;exp\u00e9rience acquise par sa m\u00e8re au cours de ses pr\u00e8s de trois d\u00e9cennies de direction.<\/p>\n\n\n\n<p>Malgr\u00e9 les tumultes familiaux et les scandales m\u00e9diatiques, notamment raviv\u00e9s par un documentaire Netflix en 2023, <em>l&#8217;empire Bettencourt continue de cro\u00eetre et d&rsquo;influencer l&rsquo;\u00e9conomie mondiale<\/em>. Cette r\u00e9ussite d\u00e9montre comment une succession planifi\u00e9e sur le long terme peut transcender les conflits personnels pour garantir la p\u00e9rennit\u00e9 d&rsquo;un patrimoine exceptionnel.<\/p>\n","protected":false},"excerpt":{"rendered":"<p>La planification minutieuse de la succession de Liliane Bettencourt, ic\u00f4ne du luxe fran\u00e7ais et longtemps la femme la plus riche du monde, d\u00e9montre une strat\u00e9gie patrimoniale mise en place bien avant son d\u00e9c\u00e8s en 2017. Avec une fortune estim\u00e9e \u00e0 plus de 35 milliards d&rsquo;euros, l&rsquo;h\u00e9riti\u00e8re de L&rsquo;Or\u00e9al avait anticip\u00e9 sa succession d\u00e8s 1992, soit [&hellip;]<\/p>\n","protected":false},"author":1,"featured_media":537,"comment_status":"open","ping_status":"open","sticky":false,"template":"","format":"standard","meta":{"_seopress_robots_primary_cat":"","_seopress_titles_title":"","_seopress_titles_desc":"","_seopress_robots_index":"","footnotes":""},"categories":[16],"tags":[],"class_list":{"0":"post-536","1":"post","2":"type-post","3":"status-publish","4":"format-standard","5":"has-post-thumbnail","7":"category-business"},"_links":{"self":[{"href":"https:\/\/cuberg.net\/fr\/wp-json\/wp\/v2\/posts\/536","targetHints":{"allow":["GET"]}}],"collection":[{"href":"https:\/\/cuberg.net\/fr\/wp-json\/wp\/v2\/posts"}],"about":[{"href":"https:\/\/cuberg.net\/fr\/wp-json\/wp\/v2\/types\/post"}],"author":[{"embeddable":true,"href":"https:\/\/cuberg.net\/fr\/wp-json\/wp\/v2\/users\/1"}],"replies":[{"embeddable":true,"href":"https:\/\/cuberg.net\/fr\/wp-json\/wp\/v2\/comments?post=536"}],"version-history":[{"count":1,"href":"https:\/\/cuberg.net\/fr\/wp-json\/wp\/v2\/posts\/536\/revisions"}],"predecessor-version":[{"id":1202,"href":"https:\/\/cuberg.net\/fr\/wp-json\/wp\/v2\/posts\/536\/revisions\/1202"}],"wp:featuredmedia":[{"embeddable":true,"href":"https:\/\/cuberg.net\/fr\/wp-json\/wp\/v2\/media\/537"}],"wp:attachment":[{"href":"https:\/\/cuberg.net\/fr\/wp-json\/wp\/v2\/media?parent=536"}],"wp:term":[{"taxonomy":"category","embeddable":true,"href":"https:\/\/cuberg.net\/fr\/wp-json\/wp\/v2\/categories?post=536"},{"taxonomy":"post_tag","embeddable":true,"href":"https:\/\/cuberg.net\/fr\/wp-json\/wp\/v2\/tags?post=536"}],"curies":[{"name":"wp","href":"https:\/\/api.w.org\/{rel}","templated":true}]}}