{"id":565,"date":"2025-09-15T08:32:00","date_gmt":"2025-09-15T06:32:00","guid":{"rendered":"https:\/\/cuberg.net\/fr\/?p=565"},"modified":"2025-09-14T19:12:15","modified_gmt":"2025-09-14T17:12:15","slug":"budget-2026-le-gouvernement-vise-40-milliards-deuros-deconomies-voici-les-secteurs-cibles","status":"publish","type":"post","link":"https:\/\/cuberg.net\/fr\/budget-2026-le-gouvernement-vise-40-milliards-deuros-deconomies-voici-les-secteurs-cibles\/","title":{"rendered":"Budget 2026 : le gouvernement vise 40 milliards d\u2019euros d&rsquo;\u00e9conomies, voici les secteurs cibl\u00e9s"},"content":{"rendered":"\n<p>Face \u00e0 une situation financi\u00e8re pr\u00e9occupante, le gouvernement fran\u00e7ais d\u00e9voile sa strat\u00e9gie pour r\u00e9tablir l&rsquo;\u00e9quilibre budg\u00e9taire. L&rsquo;objectif ambitieux est de r\u00e9duire le d\u00e9ficit public tout en pr\u00e9servant la cr\u00e9dibilit\u00e9 de la France aupr\u00e8s de ses partenaires europ\u00e9ens.<\/p>\n\n\n\n<h2 class=\"wp-block-heading\">Le programme de r\u00e9duction du d\u00e9ficit de 40 milliards d&rsquo;euros<\/h2>\n\n\n\n<p>Sous la direction de Fran\u00e7ois Bayrou, le gouvernement se lance dans un vaste plan d&rsquo;\u00e9conomies pour l&rsquo;ann\u00e9e 2026. L&rsquo;objectif principal est de ramener le d\u00e9ficit public \u00e0 4,6% du PIB, ce qui repr\u00e9sente une diminution de 0,8 point par rapport aux pr\u00e9visions de 2025. Cette d\u00e9marche s&rsquo;inscrit dans une strat\u00e9gie \u00e0 long terme visant un retour en dessous du seuil des 3% d&rsquo;ici 2029, en conformit\u00e9 avec les exigences du pacte de stabilit\u00e9 europ\u00e9en.<\/p>\n\n\n\n<p>Am\u00e9lie de Montchalin, ministre des Comptes publics, estime l&rsquo;effort requis \u00e0 40 milliards d&rsquo;euros. Ce montant consid\u00e9rable prend en compte l&rsquo;augmentation naturelle des d\u00e9penses publiques qui aurait lieu sans mesures correctives. La conf\u00e9rence sur les finances publiques pr\u00e9vue pour le 15 avril \u00e0 Matignon jettera les bases de cette strat\u00e9gie, suivie d\u00e8s le lendemain par la pr\u00e9sentation du programme de stabilit\u00e9 en Conseil des ministres.<\/p>\n\n\n\n<p>Les causes de cette situation sont multiples :<\/p>\n\n\n\n<ul class=\"wp-block-list\">\n<li>Un ralentissement significatif de la croissance \u00e9conomique<\/li>\n\n\n\n<li>Une augmentation constante des d\u00e9penses sociales<\/li>\n\n\n\n<li>Une diminution inqui\u00e9tante des recettes fiscales<\/li>\n\n\n\n<li>Des tensions g\u00e9opolitiques impactant l&rsquo;\u00e9conomie europ\u00e9enne<\/li>\n<\/ul>\n\n\n\n<h2 class=\"wp-block-heading\">R\u00e9partition des \u00e9conomies entre les secteurs de la d\u00e9pense publique<\/h2>\n\n\n\n<p>Les 40 milliards d&rsquo;euros d&rsquo;\u00e9conomies seront r\u00e9partis entre les trois principaux secteurs de la d\u00e9pense publique. Selon les informations divulgu\u00e9es par L&rsquo;Opinion, l&rsquo;\u00c9tat supportera 14 milliards d&rsquo;euros d&rsquo;efforts, principalement par le gel des d\u00e9penses en euros courants, ce qui \u00e9quivaut \u00e0 une r\u00e9duction r\u00e9elle une fois l&rsquo;inflation prise en compte.<\/p>\n\n\n\n<p>Les collectivit\u00e9s territoriales devront contribuer \u00e0 hauteur de 8 milliards d&rsquo;euros, un montant qui pourrait entra\u00eener des tensions significatives \u00e0 l&rsquo;approche des \u00e9lections municipales. Cette contribution repr\u00e9sente un d\u00e9fi majeur pour maintenir l&rsquo;\u00e9quilibre des services publics locaux tout en participant \u00e0 l&rsquo;effort national.<\/p>\n\n\n\n<p>La part la plus importante revient \u00e0 la S\u00e9curit\u00e9 sociale avec 18 milliards d&rsquo;euros d&rsquo;\u00e9conomies \u00e0 r\u00e9aliser. Ce niveau d&rsquo;ajustement sans pr\u00e9c\u00e9dent soul\u00e8ve des inqui\u00e9tudes quant \u00e0 la p\u00e9rennit\u00e9 du syst\u00e8me d&rsquo;assurance-maladie, d\u00e9j\u00e0 fragilis\u00e9 selon ses responsables.<\/p>\n\n\n\n<figure class=\"wp-block-table\"><table class=\"has-fixed-layout\"><tbody><tr><th>Secteur<\/th><th>Montant d&rsquo;\u00e9conomies (milliards \u20ac)<\/th><th>M\u00e9thode principale<\/th><\/tr><tr><td>\u00c9tat<\/td><td>14<\/td><td>Gel des d\u00e9penses en euros courants<\/td><\/tr><tr><td>Collectivit\u00e9s territoriales<\/td><td>8<\/td><td>R\u00e9duction des dotations<\/td><\/tr><tr><td>S\u00e9curit\u00e9 sociale<\/td><td>18<\/td><td>Optimisation des d\u00e9penses de sant\u00e9<\/td><\/tr><\/tbody><\/table><\/figure>\n\n\n\n<h2 class=\"wp-block-heading\">Les enjeux politiques d&rsquo;un budget sous pression<\/h2>\n\n\n\n<p>L&rsquo;adoption du budget 2026 s&rsquo;annonce comme un d\u00e9fi de taille pour le gouvernement. Le contexte politique actuel, marqu\u00e9 par une majorit\u00e9 relative au Parlement, complique consid\u00e9rablement la t\u00e2che. Le budget pr\u00e9c\u00e9dent de 2025 a d\u00e9j\u00e0 n\u00e9cessit\u00e9 le recours \u00e0 l&rsquo;article 49.3 et un compromis fragile avec le Parti socialiste.<\/p>\n\n\n\n<p>Fran\u00e7ois Bayrou mise sur la transparence et la p\u00e9dagogie pour obtenir les soutiens n\u00e9cessaires. Cette approche vise \u00e0 convaincre \u00e0 la fois les parlementaires et l&rsquo;opinion publique de la n\u00e9cessit\u00e9 des mesures propos\u00e9es, dans un contexte o\u00f9 les mesures d&rsquo;aust\u00e9rit\u00e9 rencontrent g\u00e9n\u00e9ralement une forte opposition.<\/p>\n\n\n\n<p>Le pr\u00e9sident privil\u00e9gie des r\u00e9formes structurelles ax\u00e9es sur l&#8217;emploi, notamment une nouvelle refonte de l&rsquo;assurance ch\u00f4mage. L&rsquo;objectif est double :<\/p>\n\n\n\n<ol class=\"wp-block-list\">\n<li>Stimuler l&rsquo;activit\u00e9 \u00e9conomique pour favoriser la croissance<\/li>\n\n\n\n<li>Augmenter les recettes fiscales sans introduire de nouvelles taxes<\/li>\n\n\n\n<li>Pr\u00e9server les fonctions r\u00e9galiennes de l&rsquo;\u00c9tat<\/li>\n\n\n\n<li>Maintenir la cr\u00e9dibilit\u00e9 de la France aupr\u00e8s des institutions europ\u00e9ennes<\/li>\n<\/ol>\n\n\n\n<p>La trajectoire budg\u00e9taire pr\u00e9sent\u00e9e par la France sera attentivement examin\u00e9e par la Commission europ\u00e9enne. L&rsquo;objectif de 4,6% de d\u00e9ficit pour 2026 correspond \u00e0 celui fix\u00e9 pr\u00e9c\u00e9demment sous le gouvernement de Michel Barnier, d\u00e9montrant une volont\u00e9 de continuit\u00e9 dans la politique de redressement financier malgr\u00e9 les changements politiques et les incertitudes internationales.<\/p>\n","protected":false},"excerpt":{"rendered":"<p>Face \u00e0 une situation financi\u00e8re pr\u00e9occupante, le gouvernement fran\u00e7ais d\u00e9voile sa strat\u00e9gie pour r\u00e9tablir l&rsquo;\u00e9quilibre budg\u00e9taire. L&rsquo;objectif ambitieux est de r\u00e9duire le d\u00e9ficit public tout en pr\u00e9servant la cr\u00e9dibilit\u00e9 de la France aupr\u00e8s de ses partenaires europ\u00e9ens. Le programme de r\u00e9duction du d\u00e9ficit de 40 milliards d&rsquo;euros Sous la direction de Fran\u00e7ois Bayrou, le gouvernement [&hellip;]<\/p>\n","protected":false},"author":1,"featured_media":566,"comment_status":"open","ping_status":"open","sticky":false,"template":"","format":"standard","meta":{"_seopress_robots_primary_cat":"","_seopress_titles_title":"","_seopress_titles_desc":"","_seopress_robots_index":"","footnotes":""},"categories":[16],"tags":[],"class_list":{"0":"post-565","1":"post","2":"type-post","3":"status-publish","4":"format-standard","5":"has-post-thumbnail","7":"category-business"},"_links":{"self":[{"href":"https:\/\/cuberg.net\/fr\/wp-json\/wp\/v2\/posts\/565","targetHints":{"allow":["GET"]}}],"collection":[{"href":"https:\/\/cuberg.net\/fr\/wp-json\/wp\/v2\/posts"}],"about":[{"href":"https:\/\/cuberg.net\/fr\/wp-json\/wp\/v2\/types\/post"}],"author":[{"embeddable":true,"href":"https:\/\/cuberg.net\/fr\/wp-json\/wp\/v2\/users\/1"}],"replies":[{"embeddable":true,"href":"https:\/\/cuberg.net\/fr\/wp-json\/wp\/v2\/comments?post=565"}],"version-history":[{"count":1,"href":"https:\/\/cuberg.net\/fr\/wp-json\/wp\/v2\/posts\/565\/revisions"}],"predecessor-version":[{"id":1217,"href":"https:\/\/cuberg.net\/fr\/wp-json\/wp\/v2\/posts\/565\/revisions\/1217"}],"wp:featuredmedia":[{"embeddable":true,"href":"https:\/\/cuberg.net\/fr\/wp-json\/wp\/v2\/media\/566"}],"wp:attachment":[{"href":"https:\/\/cuberg.net\/fr\/wp-json\/wp\/v2\/media?parent=565"}],"wp:term":[{"taxonomy":"category","embeddable":true,"href":"https:\/\/cuberg.net\/fr\/wp-json\/wp\/v2\/categories?post=565"},{"taxonomy":"post_tag","embeddable":true,"href":"https:\/\/cuberg.net\/fr\/wp-json\/wp\/v2\/tags?post=565"}],"curies":[{"name":"wp","href":"https:\/\/api.w.org\/{rel}","templated":true}]}}