{"id":569,"date":"2025-09-16T16:34:00","date_gmt":"2025-09-16T14:34:00","guid":{"rendered":"https:\/\/cuberg.net\/fr\/?p=569"},"modified":"2025-09-14T19:12:37","modified_gmt":"2025-09-14T17:12:37","slug":"caf-bonne-nouvelle-un-virement-de-500-euros-arrive-sur-le-compte-en-banque-de-ces-francais-avant-les-vacances-dete","status":"publish","type":"post","link":"https:\/\/cuberg.net\/fr\/caf-bonne-nouvelle-un-virement-de-500-euros-arrive-sur-le-compte-en-banque-de-ces-francais-avant-les-vacances-dete\/","title":{"rendered":"CAF : bonne nouvelle, un virement de 500 euros arrive sur le compte en banque de ces Fran\u00e7ais avant les vacances d\u2019\u00e9t\u00e9"},"content":{"rendered":"\n<p>L&rsquo;\u00e9t\u00e9 approche \u00e0 grands pas et pour de nombreuses familles fran\u00e7aises, cette p\u00e9riode tant attendue repr\u00e9sente \u00e9galement un d\u00e9fi financier. Heureusement, la <strong>Caisse d&rsquo;Allocations Familiales<\/strong> propose un soutien cons\u00e9quent qui pourrait consid\u00e9rablement soulager le budget vacances de certains foyers. Un versement pouvant aller jusqu&rsquo;\u00e0 500 euros est pr\u00e9vu pour les familles \u00e9ligibles, juste avant le d\u00e9part en vacances estivales.<\/p>\n\n\n\n<h2 class=\"wp-block-heading\">Dispositif d&rsquo;aide aux vacances : fonctionnement du soutien financier de la CAF<\/h2>\n\n\n\n<p>Pour permettre \u00e0 tous de profiter pleinement de la p\u00e9riode estivale, la <strong>CAF met en place chaque ann\u00e9e des aides sp\u00e9cifiques<\/strong>. Ce dispositif se d\u00e9cline en deux principales formules destin\u00e9es \u00e0 faciliter l&rsquo;acc\u00e8s aux vacances pour les familles aux revenus modestes.<\/p>\n\n\n\n<p>L&rsquo;aide aux vacances se divise en deux cat\u00e9gories distinctes :<\/p>\n\n\n\n<ul class=\"wp-block-list\">\n<li>L&rsquo;<em>Aide aux Vacances Familiales<\/em> (AVF) : pour les s\u00e9jours en famille dans des centres agr\u00e9\u00e9s<\/li>\n\n\n\n<li>L&rsquo;<em>Aide aux Vacances Enfants<\/em> (AVE) : pour les colonies et camps de vacances des jeunes de 4 \u00e0 17 ans<\/li>\n<\/ul>\n\n\n\n<p>Ces aides peuvent couvrir une part importante des frais de s\u00e9jour, allant de 50% \u00e0 75% du co\u00fbt total selon la situation de chaque famille. Le montant maximal peut atteindre <strong>500 euros pour certains b\u00e9n\u00e9ficiaires<\/strong>, offrant un r\u00e9el soutien financier avant les vacances d&rsquo;\u00e9t\u00e9.<\/p>\n\n\n\n<p>Contrairement \u00e0 d&rsquo;autres prestations, cette aide n&rsquo;est pas vers\u00e9e directement sur le compte bancaire du b\u00e9n\u00e9ficiaire. Le dispositif fonctionne par d\u00e9duction directe : la famille ne paie que la diff\u00e9rence apr\u00e8s l&rsquo;application de l&rsquo;aide, simplifiant ainsi les d\u00e9marches administratives.<\/p>\n\n\n\n<h2 class=\"wp-block-heading\">Crit\u00e8res d&rsquo;\u00e9ligibilit\u00e9 et d\u00e9marches pour obtenir cette aide financi\u00e8re<\/h2>\n\n\n\n<p>Pour b\u00e9n\u00e9ficier de ce coup de pouce financier avant les vacances estivales, plusieurs conditions doivent \u00eatre remplies. Les <strong>crit\u00e8res d&rsquo;attribution varient l\u00e9g\u00e8rement<\/strong> selon votre caisse d&rsquo;allocations familiales de rattachement, mais certaines exigences restent communes \u00e0 l&rsquo;ensemble du territoire.<\/p>\n\n\n\n<p>Voici les principales conditions requises :<\/p>\n\n\n\n<ol class=\"wp-block-list\">\n<li>\u00catre allocataire et r\u00e9sider en France<\/li>\n\n\n\n<li>Avoir un quotient familial g\u00e9n\u00e9ralement inf\u00e9rieur ou \u00e9gal \u00e0 800 euros<\/li>\n\n\n\n<li>Choisir un s\u00e9jour \u00e9ligible (centre partenaire VACAF pour l&rsquo;AVF)<\/li>\n\n\n\n<li>Fournir les justificatifs n\u00e9cessaires (revenus et RIB)<\/li>\n<\/ol>\n\n\n\n<p>Les potentiels b\u00e9n\u00e9ficiaires re\u00e7oivent g\u00e9n\u00e9ralement une notification de la CAF en d\u00e9but d&rsquo;ann\u00e9e les informant de leur \u00e9ligibilit\u00e9. Toutefois, il est recommand\u00e9 de <strong>v\u00e9rifier votre situation personnelle<\/strong> aupr\u00e8s de votre CAF d\u00e9partementale, les seuils de quotient familial pouvant varier d&rsquo;un territoire \u00e0 l&rsquo;autre.<\/p>\n\n\n\n<figure class=\"wp-block-table\"><table class=\"has-fixed-layout\"><tbody><tr><th>Quotient familial<\/th><th>Taux de prise en charge (exemple)<\/th><th>Montant maximal possible<\/th><\/tr><tr><td>\u2264 400\u20ac<\/td><td>70%<\/td><td>Jusqu&rsquo;\u00e0 500\u20ac<\/td><\/tr><tr><td>401\u20ac &#8211; 700\u20ac<\/td><td>50-60%<\/td><td>Jusqu&rsquo;\u00e0 540\u20ac<\/td><\/tr><tr><td>701\u20ac &#8211; 800\u20ac<\/td><td>40-50%<\/td><td>Variable selon CAF<\/td><\/tr><\/tbody><\/table><\/figure>\n\n\n\n<h2 class=\"wp-block-heading\">Montants et sp\u00e9cificit\u00e9s en fonction de votre situation familiale<\/h2>\n\n\n\n<p>Le montant de l&rsquo;aide varie en fonction de plusieurs facteurs. Le <strong>quotient familial reste le crit\u00e8re principal<\/strong> d&rsquo;\u00e9valuation, mais d&rsquo;autres \u00e9l\u00e9ments comme la dur\u00e9e du s\u00e9jour ou le type d&rsquo;h\u00e9bergement peuvent influencer la somme accord\u00e9e.<\/p>\n\n\n\n<p>Dans certains d\u00e9partements comme l&rsquo;Eure, les familles avec un quotient inf\u00e9rieur \u00e0 400 euros peuvent b\u00e9n\u00e9ficier d&rsquo;une prise en charge allant jusqu&rsquo;\u00e0 70% du co\u00fbt du s\u00e9jour. Pour les quotients entre 400 et 700 euros, l&rsquo;aide peut atteindre 540 euros maximum pour un s\u00e9jour familial.<\/p>\n\n\n\n<p>Pour les <em>s\u00e9jours sp\u00e9cifiques pour enfants<\/em>, la CAF peut couvrir entre 40% et 70% des frais, permettant aux jeunes de profiter de colonies de vacances enrichissantes. Dans certains cas, les frais de transport peuvent \u00e9galement \u00eatre pris en charge, augmentant ainsi la valeur r\u00e9elle de l&rsquo;aide.<\/p>\n\n\n\n<p>Pour d\u00e9couvrir les s\u00e9jours \u00e9ligibles, le <strong>catalogue VACAF accessible en ligne<\/strong> constitue une ressource pr\u00e9cieuse. Il permet de rechercher par localisation ou par budget les h\u00e9bergements partenaires, facilitant ainsi l&rsquo;organisation des vacances estivales tout en b\u00e9n\u00e9ficiant de cette aide cons\u00e9quente.<\/p>\n","protected":false},"excerpt":{"rendered":"<p>L&rsquo;\u00e9t\u00e9 approche \u00e0 grands pas et pour de nombreuses familles fran\u00e7aises, cette p\u00e9riode tant attendue repr\u00e9sente \u00e9galement un d\u00e9fi financier. Heureusement, la Caisse d&rsquo;Allocations Familiales propose un soutien cons\u00e9quent qui pourrait consid\u00e9rablement soulager le budget vacances de certains foyers. Un versement pouvant aller jusqu&rsquo;\u00e0 500 euros est pr\u00e9vu pour les familles \u00e9ligibles, juste avant le [&hellip;]<\/p>\n","protected":false},"author":1,"featured_media":570,"comment_status":"open","ping_status":"open","sticky":false,"template":"","format":"standard","meta":{"_seopress_robots_primary_cat":"","_seopress_titles_title":"","_seopress_titles_desc":"","_seopress_robots_index":"","footnotes":""},"categories":[8],"tags":[],"class_list":{"0":"post-569","1":"post","2":"type-post","3":"status-publish","4":"format-standard","5":"has-post-thumbnail","7":"category-consommation"},"_links":{"self":[{"href":"https:\/\/cuberg.net\/fr\/wp-json\/wp\/v2\/posts\/569","targetHints":{"allow":["GET"]}}],"collection":[{"href":"https:\/\/cuberg.net\/fr\/wp-json\/wp\/v2\/posts"}],"about":[{"href":"https:\/\/cuberg.net\/fr\/wp-json\/wp\/v2\/types\/post"}],"author":[{"embeddable":true,"href":"https:\/\/cuberg.net\/fr\/wp-json\/wp\/v2\/users\/1"}],"replies":[{"embeddable":true,"href":"https:\/\/cuberg.net\/fr\/wp-json\/wp\/v2\/comments?post=569"}],"version-history":[{"count":1,"href":"https:\/\/cuberg.net\/fr\/wp-json\/wp\/v2\/posts\/569\/revisions"}],"predecessor-version":[{"id":1233,"href":"https:\/\/cuberg.net\/fr\/wp-json\/wp\/v2\/posts\/569\/revisions\/1233"}],"wp:featuredmedia":[{"embeddable":true,"href":"https:\/\/cuberg.net\/fr\/wp-json\/wp\/v2\/media\/570"}],"wp:attachment":[{"href":"https:\/\/cuberg.net\/fr\/wp-json\/wp\/v2\/media?parent=569"}],"wp:term":[{"taxonomy":"category","embeddable":true,"href":"https:\/\/cuberg.net\/fr\/wp-json\/wp\/v2\/categories?post=569"},{"taxonomy":"post_tag","embeddable":true,"href":"https:\/\/cuberg.net\/fr\/wp-json\/wp\/v2\/tags?post=569"}],"curies":[{"name":"wp","href":"https:\/\/api.w.org\/{rel}","templated":true}]}}