{"id":585,"date":"2025-09-01T08:38:00","date_gmt":"2025-09-01T06:38:00","guid":{"rendered":"https:\/\/cuberg.net\/fr\/?p=585"},"modified":"2025-08-31T23:37:20","modified_gmt":"2025-08-31T21:37:20","slug":"nous-avons-donne-le-nom-dun-meuble-a-notre-fils-il-nous-supplie-tous-les-jours-de-le-laisser-changer-de-prenom","status":"publish","type":"post","link":"https:\/\/cuberg.net\/fr\/nous-avons-donne-le-nom-dun-meuble-a-notre-fils-il-nous-supplie-tous-les-jours-de-le-laisser-changer-de-prenom\/","title":{"rendered":"\u00ab\u00a0Nous avons donn\u00e9 le nom d\u2019un meuble \u00e0 notre fils, il nous supplie tous les jours de le laisser changer de pr\u00e9nom\u00a0\u00bb"},"content":{"rendered":"\n<p>L&rsquo;histoire d&rsquo;un gar\u00e7on pr\u00e9nomm\u00e9 Buffet a r\u00e9cemment suscit\u00e9 l&rsquo;int\u00e9r\u00eat sur les r\u00e9seaux sociaux. Ce jeune enfant adoptif de presque sept ans implore chaque jour ses parents de changer son pr\u00e9nom, qui est une source constante de railleries \u00e0 l&rsquo;\u00e9cole. Cette situation soul\u00e8ve des interrogations essentielles sur l&rsquo;impact d&rsquo;un pr\u00e9nom peu commun et les d\u00e9cisions parentales qui en d\u00e9coulent.<\/p>\n\n\n\n<h2 class=\"wp-block-heading\">Quand le pr\u00e9nom devient un fardeau : l&rsquo;histoire singuli\u00e8re de Buffet<\/h2>\n\n\n\n<p>Imaginer grandir avec un pr\u00e9nom identique \u00e0 un meuble de rangement. C&rsquo;est la r\u00e9alit\u00e9 quotidienne de ce jeune gar\u00e7on depuis sa naissance. Ses parents adoptifs ont choisi de maintenir son pr\u00e9nom d&rsquo;origine, Buffet, en respect de son h\u00e9ritage familial. Cependant, ce choix bien intentionn\u00e9 s&rsquo;est transform\u00e9 en une source de souffrance.<\/p>\n\n\n\n<p>Les moqueries \u00e0 l&rsquo;\u00e9cole ont rapidement surgi. Les enfants, souvent impitoyables face \u00e0 la diff\u00e9rence, ont fait de ce pr\u00e9nom inhabituel un motif de raillerie constant. Confront\u00e9s \u00e0 cette situation, les parents ont tent\u00e9 une approche interm\u00e9diaire en ajoutant un deuxi\u00e8me pr\u00e9nom, Harrison, et en modifiant son nom de famille pour att\u00e9nuer l&rsquo;impact.<\/p>\n\n\n\n<p><strong>Ces ajustements n&rsquo;ont cependant pas r\u00e9solu le probl\u00e8me fondamental<\/strong>. Le pr\u00e9nom Buffet continue de figurer sur tous les documents officiels, ravivant r\u00e9guli\u00e8rement la g\u00eane du gar\u00e7on. \u00c0 l&rsquo;approche de son septi\u00e8me anniversaire, l&rsquo;enfant a exprim\u00e9 clairement son souhait : adopter officiellement Harrison comme pr\u00e9nom principal.<\/p>\n\n\n\n<h2 class=\"wp-block-heading\">Les r\u00e9percussions psychologiques d&rsquo;un pr\u00e9nom hors du commun<\/h2>\n\n\n\n<p>Avoir un pr\u00e9nom peu commun peut avoir des cons\u00e9quences significatives sur le d\u00e9veloppement psychologique d&rsquo;un enfant. Voici les principaux impacts observ\u00e9s :<\/p>\n\n\n\n<ul class=\"wp-block-list\">\n<li>Difficult\u00e9s d&rsquo;int\u00e9gration sociale et risque d&rsquo;isolement<\/li>\n<li>Impact sur l&rsquo;estime de soi et la confiance personnelle<\/li>\n<li>D\u00e9veloppement d&rsquo;anxi\u00e9t\u00e9 sociale et de stress<\/li>\n<li>Sentiment persistant de diff\u00e9rence ou de marginalisation<\/li>\n<\/ul>\n\n\n\n<p><em>Le pr\u00e9nom constitue la premi\u00e8re couche identitaire d&rsquo;une personne<\/em>. Il influence la perception que les autres ont de nous et, par cons\u00e9quent, notre propre image. Dans le cas de Buffet, ce pr\u00e9nom est devenu un obstacle \u00e0 son \u00e9panouissement social plut\u00f4t qu&rsquo;un \u00e9l\u00e9ment positif de son identit\u00e9.<\/p>\n\n\n\n<p>Les \u00e9tudes en psychologie d\u00e9montrent que les enfants portant des pr\u00e9noms tr\u00e8s atypiques peuvent d\u00e9velopper des m\u00e9canismes de d\u00e9fense particuliers. Certains embrassent leur singularit\u00e9, tandis que d&rsquo;autres souffrent profond\u00e9ment du regard moqueur des autres. Le d\u00e9sir de Buffet de changer de pr\u00e9nom refl\u00e8te un besoin l\u00e9gitime de protection \u00e9motionnelle.<\/p>\n\n\n\n<h2 class=\"wp-block-heading\">Dilemme parental : entre respect des origines et bien-\u00eatre actuel<\/h2>\n\n\n\n<p>Les parents de Buffet sont confront\u00e9s \u00e0 un dilemme complexe qui met en balance diff\u00e9rentes valeurs. D&rsquo;un c\u00f4t\u00e9, ils souhaitent respecter l&rsquo;histoire de leur fils et maintenir un lien avec ses origines. D&rsquo;un autre c\u00f4t\u00e9, ils observent sa d\u00e9tresse quotidienne et son d\u00e9sir sinc\u00e8re de changement.<\/p>\n\n\n\n<figure class=\"wp-block-table\">\n<table class=\"has-fixed-layout\">\n<thead>\n<tr>\n<th>Arguments pour conserver le pr\u00e9nom<\/th>\n<th>Arguments pour le changement<\/th>\n<\/tr>\n<\/thead>\n<tbody>\n<tr>\n<td>Pr\u00e9servation du lien avec l&rsquo;histoire familiale<\/td>\n<td>Bien-\u00eatre \u00e9motionnel et psychologique de l&rsquo;enfant<\/td>\n<\/tr>\n<tr>\n<td>Respect de l&rsquo;identit\u00e9 originelle<\/td>\n<td>Facilitation de l&rsquo;int\u00e9gration sociale<\/td>\n<\/tr>\n<tr>\n<td>Apprentissage de la r\u00e9silience face \u00e0 l&rsquo;adversit\u00e9<\/td>\n<td>Respect de l&rsquo;autonomie et des souhaits de l&rsquo;enfant<\/td>\n<\/tr>\n<\/tbody>\n<\/table>\n<\/figure>\n\n\n\n<p>La m\u00e8re, cherchant des conseils, a partag\u00e9 cette situation sur les r\u00e9seaux sociaux, recevant des avis divergents. <strong>Certains internautes d\u00e9fendent fermement le droit de l&rsquo;enfant \u00e0 choisir son identit\u00e9<\/strong>, tandis que d&rsquo;autres soulignent l&rsquo;importance symbolique du pr\u00e9nom d&rsquo;origine.<\/p>\n\n\n\n<p>En France, depuis 2017, la proc\u00e9dure de changement de pr\u00e9nom a \u00e9t\u00e9 simplifi\u00e9e. Les parents pourraient entamer les d\u00e9marches aupr\u00e8s de la mairie en d\u00e9montrant l&rsquo;int\u00e9r\u00eat l\u00e9gitime de cette modification, notamment les pr\u00e9judices subis par l&rsquo;enfant dans sa vie quotidienne.<\/p>\n\n\n\n<h2 class=\"wp-block-heading\">Vers une identit\u00e9 choisie et apais\u00e9e<\/h2>\n\n\n\n<p>Quelle que soit la d\u00e9cision finale, l&rsquo;accompagnement psychologique de l&rsquo;enfant demeure essentiel. Le changement de pr\u00e9nom pourrait repr\u00e9senter pour Buffet un nouveau d\u00e9part, une opportunit\u00e9 de se d\u00e9finir par lui-m\u00eame plut\u00f4t que par les railleries qu&rsquo;il endure.<\/p>\n\n\n\n<p>L&rsquo;histoire de ce jeune gar\u00e7on nous rappelle que le choix d&rsquo;un pr\u00e9nom va au-del\u00e0 des pr\u00e9f\u00e9rences esth\u00e9tiques ou sentimentales des parents. C&rsquo;est un \u00e9l\u00e9ment fondateur qui accompagnera l&rsquo;enfant tout au long de sa vie. Dans ce cas pr\u00e9cis, l&rsquo;\u00e9coute attentive du d\u00e9sir de l&rsquo;enfant pourrait \u00eatre la voie la plus respectueuse de son individualit\u00e9.<\/p>\n","protected":false},"excerpt":{"rendered":"<p>L&rsquo;histoire d&rsquo;un gar\u00e7on pr\u00e9nomm\u00e9 Buffet a r\u00e9cemment suscit\u00e9 l&rsquo;int\u00e9r\u00eat sur les r\u00e9seaux sociaux. Ce jeune enfant adoptif de presque sept ans implore chaque jour ses parents de changer son pr\u00e9nom, qui est une source constante de railleries \u00e0 l&rsquo;\u00e9cole. Cette situation soul\u00e8ve des interrogations essentielles sur l&rsquo;impact d&rsquo;un pr\u00e9nom peu commun et les d\u00e9cisions parentales [&hellip;]<\/p>\n","protected":false},"author":1,"featured_media":586,"comment_status":"open","ping_status":"open","sticky":false,"template":"","format":"standard","meta":{"_seopress_robots_primary_cat":"","_seopress_titles_title":"","_seopress_titles_desc":"","_seopress_robots_index":"","footnotes":""},"categories":[7],"tags":[],"class_list":{"0":"post-585","1":"post","2":"type-post","3":"status-publish","4":"format-standard","5":"has-post-thumbnail","7":"category-societe"},"_links":{"self":[{"href":"https:\/\/cuberg.net\/fr\/wp-json\/wp\/v2\/posts\/585","targetHints":{"allow":["GET"]}}],"collection":[{"href":"https:\/\/cuberg.net\/fr\/wp-json\/wp\/v2\/posts"}],"about":[{"href":"https:\/\/cuberg.net\/fr\/wp-json\/wp\/v2\/types\/post"}],"author":[{"embeddable":true,"href":"https:\/\/cuberg.net\/fr\/wp-json\/wp\/v2\/users\/1"}],"replies":[{"embeddable":true,"href":"https:\/\/cuberg.net\/fr\/wp-json\/wp\/v2\/comments?post=585"}],"version-history":[{"count":1,"href":"https:\/\/cuberg.net\/fr\/wp-json\/wp\/v2\/posts\/585\/revisions"}],"predecessor-version":[{"id":1074,"href":"https:\/\/cuberg.net\/fr\/wp-json\/wp\/v2\/posts\/585\/revisions\/1074"}],"wp:featuredmedia":[{"embeddable":true,"href":"https:\/\/cuberg.net\/fr\/wp-json\/wp\/v2\/media\/586"}],"wp:attachment":[{"href":"https:\/\/cuberg.net\/fr\/wp-json\/wp\/v2\/media?parent=585"}],"wp:term":[{"taxonomy":"category","embeddable":true,"href":"https:\/\/cuberg.net\/fr\/wp-json\/wp\/v2\/categories?post=585"},{"taxonomy":"post_tag","embeddable":true,"href":"https:\/\/cuberg.net\/fr\/wp-json\/wp\/v2\/tags?post=585"}],"curies":[{"name":"wp","href":"https:\/\/api.w.org\/{rel}","templated":true}]}}