{"id":592,"date":"2025-09-10T16:31:00","date_gmt":"2025-09-10T14:31:00","guid":{"rendered":"https:\/\/cuberg.net\/fr\/?p=592"},"modified":"2025-09-09T17:02:54","modified_gmt":"2025-09-09T15:02:54","slug":"on-pense-faire-un-choix-sain-mais-ce-produit-est-un-nid-a-pesticides-selon-cet-expert-ce-fruit-est-nocif","status":"publish","type":"post","link":"https:\/\/cuberg.net\/fr\/on-pense-faire-un-choix-sain-mais-ce-produit-est-un-nid-a-pesticides-selon-cet-expert-ce-fruit-est-nocif\/","title":{"rendered":"\u00ab\u00a0On pense faire un choix sain mais ce produit est un nid \u00e0 pesticides\u00a0\u00bb selon cet expert, ce fruit est nocif"},"content":{"rendered":"\n<p>Le fruit interdit par excellence n&rsquo;est autre que cette collation quotidienne que nous croyons \u00eatre saine. La pomme, symbole de bien-\u00eatre et de vitalit\u00e9, est souvent class\u00e9e parmi les aliments les plus contamin\u00e9s par les pesticides. Malgr\u00e9 cela, sa popularit\u00e9 demeure intacte : elle orne nos corbeilles, nos desserts et nos lunchboxes. Cependant, derri\u00e8re son image innocente se cache une r\u00e9alit\u00e9 inqui\u00e9tante qui m\u00e9rite notre vigilance.<\/p>\n\n\n\n<h2 class=\"wp-block-heading\">La r\u00e9alit\u00e9 cach\u00e9e derri\u00e8re ce fruit populaire<\/h2>\n\n\n\n<p>La pomme poss\u00e8de une particularit\u00e9 qui la rend particuli\u00e8rement sensible aux contaminants : <strong>sa peau fine et poreuse absorbe ais\u00e9ment les produits chimiques<\/strong> utilis\u00e9s lors de sa culture. Cette caract\u00e9ristique explique pourquoi ce fruit figure r\u00e9guli\u00e8rement sur les listes noires des organismes de contr\u00f4le alimentaire.<\/p>\n\n\n\n<p>Un simple lavage \u00e0 l&rsquo;eau claire ne suffit pas \u00e0 \u00e9liminer tous les r\u00e9sidus. Les traitements appliqu\u00e9s dans les vergers commerciaux visent \u00e0 assurer une production standardis\u00e9e et esth\u00e9tiquement parfaite, souvent au d\u00e9triment de la qualit\u00e9 sanitaire du produit final.<\/p>\n\n\n\n<p>Les pommes import\u00e9es sont g\u00e9n\u00e9ralement soumises \u00e0 <i>des traitements post-r\u00e9colte suppl\u00e9mentaires pour supporter les longs trajets<\/i> et prolonger leur dur\u00e9e de conservation. Cette accumulation de produits chimiques transforme ce fruit en apparence saine en un v\u00e9ritable r\u00e9servoir de pesticides.<\/p>\n\n\n\n<figure class=\"wp-block-table\"><table class=\"has-fixed-layout\"><tbody><tr><th>Source<\/th><th>Niveau moyen de contamination<\/th><th>Risque pour la sant\u00e9<\/th><\/tr><tr><td>Pommes import\u00e9es hors saison<\/td><td>Tr\u00e8s \u00e9lev\u00e9<\/td><td>\u00c9lev\u00e9<\/td><\/tr><tr><td>Pommes conventionnelles locales<\/td><td>Moyen \u00e0 \u00e9lev\u00e9<\/td><td>Mod\u00e9r\u00e9<\/td><\/tr><tr><td>Pommes locales \u00ab\u00a0z\u00e9ro r\u00e9sidu\u00a0\u00bb<\/td><td>Faible<\/td><td>Limit\u00e9<\/td><\/tr><tr><td>Pommes biologiques<\/td><td>Tr\u00e8s faible<\/td><td>Minime<\/td><\/tr><\/tbody><\/table><\/figure>\n\n\n\n<h2 class=\"wp-block-heading\">Comment rep\u00e9rer des options plus s\u00fbres<\/h2>\n\n\n\n<p>Face \u00e0 cette situation, plusieurs choix s&rsquo;offrent aux consommateurs soucieux de leur bien-\u00eatre. <strong>Les labels constituent un premier crit\u00e8re fiable pour choisir des pommes cultiv\u00e9es selon des m\u00e9thodes plus respectueuses<\/strong>. Le label biologique demeure la garantie la plus accessible d&rsquo;une pomme produite sans pesticides de synth\u00e8se.<\/p>\n\n\n\n<p>D&rsquo;autres mentions telles que \u00ab\u00a0agriculture raisonn\u00e9e\u00a0\u00bb ou \u00ab\u00a0z\u00e9ro r\u00e9sidu de pesticides\u00a0\u00bb offrent des alternatives interm\u00e9diaires, bien que moins strictes que le bio. La taille et l&rsquo;apparence peuvent \u00e9galement guider votre s\u00e9lection : les fruits parfaitement calibr\u00e9s et sans d\u00e9faut sont g\u00e9n\u00e9ralement ceux qui ont subi le plus de traitements.<\/p>\n\n\n\n<p>Pour r\u00e9duire votre exposition aux substances nocives, voici quelques bonnes pratiques :<\/p>\n\n\n\n<ul class=\"wp-block-list\">\n<li><strong>Privil\u00e9gier les circuits courts et les producteurs locaux<\/strong> o\u00f9 vous pouvez vous informer sur les m\u00e9thodes de culture<\/li>\n\n\n\n<li>Opter pour des pommes de saison, n\u00e9cessitant moins de traitements de conservation<\/li>\n\n\n\n<li>Choisir des vari\u00e9t\u00e9s robustes naturellement plus r\u00e9sistantes aux maladies<\/li>\n\n\n\n<li>Nettoyer soigneusement les pommes avec une brosse alimentaire avant de les consommer<\/li>\n\n\n\n<li>\u00c9plucher les pommes non biologiques pour \u00e9liminer la plupart des r\u00e9sidus<\/li>\n<\/ul>\n\n\n\n<h2 class=\"wp-block-heading\">Vers une consommation plus \u00e9clair\u00e9e<\/h2>\n\n\n\n<p>La meilleure solution reste de se fournir aupr\u00e8s de sources fiables. <i>Les march\u00e9s de producteurs, les AMAP et les magasins sp\u00e9cialis\u00e9s proposent g\u00e9n\u00e9ralement des produits tra\u00e7ables<\/i> dont les m\u00e9thodes de production sont transparentes. Ces circuits permettent d&rsquo;\u00e9tablir un lien direct avec les producteurs et de se renseigner sur leurs pratiques agricoles.<\/p>\n\n\n\n<p>Certaines grandes surfaces d\u00e9veloppent d\u00e9sormais des gammes sp\u00e9cifiques garanties sans r\u00e9sidu de pesticides. Il est cependant important de rester vigilant face aux arguments marketing et de privil\u00e9gier les certifications officielles.<\/p>\n\n\n\n<p>Pour ceux disposant d&rsquo;un espace ext\u00e9rieur, planter un pommier traditionnel repr\u00e9sente une solution \u00e0 long terme. Les vari\u00e9t\u00e9s anciennes n\u00e9cessitent g\u00e9n\u00e9ralement moins de traitements et offrent une diversit\u00e9 de saveurs souvent absente des rayons des supermarch\u00e9s.<\/p>\n\n\n\n<p>Le paradoxe de la pomme illustre parfaitement les d\u00e9fis de notre syst\u00e8me alimentaire moderne : <strong>ce que nous consid\u00e9rons comme un choix sain peut dissimuler des risques inattendus<\/strong>. Une approche plus r\u00e9fl\u00e9chie de notre alimentation, mettant en avant la qualit\u00e9 et la tra\u00e7abilit\u00e9, permet de red\u00e9couvrir ce fruit embl\u00e9matique dans sa forme la plus pure et b\u00e9n\u00e9fique.<\/p>\n","protected":false},"excerpt":{"rendered":"<p>Le fruit interdit par excellence n&rsquo;est autre que cette collation quotidienne que nous croyons \u00eatre saine. La pomme, symbole de bien-\u00eatre et de vitalit\u00e9, est souvent class\u00e9e parmi les aliments les plus contamin\u00e9s par les pesticides. Malgr\u00e9 cela, sa popularit\u00e9 demeure intacte : elle orne nos corbeilles, nos desserts et nos lunchboxes. Cependant, derri\u00e8re son [&hellip;]<\/p>\n","protected":false},"author":1,"featured_media":593,"comment_status":"open","ping_status":"open","sticky":false,"template":"","format":"standard","meta":{"_seopress_robots_primary_cat":"","_seopress_titles_title":"","_seopress_titles_desc":"","_seopress_robots_index":"","footnotes":""},"categories":[8],"tags":[],"class_list":{"0":"post-592","1":"post","2":"type-post","3":"status-publish","4":"format-standard","5":"has-post-thumbnail","7":"category-consommation"},"_links":{"self":[{"href":"https:\/\/cuberg.net\/fr\/wp-json\/wp\/v2\/posts\/592","targetHints":{"allow":["GET"]}}],"collection":[{"href":"https:\/\/cuberg.net\/fr\/wp-json\/wp\/v2\/posts"}],"about":[{"href":"https:\/\/cuberg.net\/fr\/wp-json\/wp\/v2\/types\/post"}],"author":[{"embeddable":true,"href":"https:\/\/cuberg.net\/fr\/wp-json\/wp\/v2\/users\/1"}],"replies":[{"embeddable":true,"href":"https:\/\/cuberg.net\/fr\/wp-json\/wp\/v2\/comments?post=592"}],"version-history":[{"count":1,"href":"https:\/\/cuberg.net\/fr\/wp-json\/wp\/v2\/posts\/592\/revisions"}],"predecessor-version":[{"id":1172,"href":"https:\/\/cuberg.net\/fr\/wp-json\/wp\/v2\/posts\/592\/revisions\/1172"}],"wp:featuredmedia":[{"embeddable":true,"href":"https:\/\/cuberg.net\/fr\/wp-json\/wp\/v2\/media\/593"}],"wp:attachment":[{"href":"https:\/\/cuberg.net\/fr\/wp-json\/wp\/v2\/media?parent=592"}],"wp:term":[{"taxonomy":"category","embeddable":true,"href":"https:\/\/cuberg.net\/fr\/wp-json\/wp\/v2\/categories?post=592"},{"taxonomy":"post_tag","embeddable":true,"href":"https:\/\/cuberg.net\/fr\/wp-json\/wp\/v2\/tags?post=592"}],"curies":[{"name":"wp","href":"https:\/\/api.w.org\/{rel}","templated":true}]}}