{"id":596,"date":"2025-09-11T11:50:00","date_gmt":"2025-09-11T09:50:00","guid":{"rendered":"https:\/\/cuberg.net\/fr\/?p=596"},"modified":"2025-09-09T17:03:01","modified_gmt":"2025-09-09T15:03:01","slug":"leau-du-robinet-contaminee-par-une-bacterie-vous-devez-eviter-de-la-boire-a-tout-prix-dans-cette-commune","status":"publish","type":"post","link":"https:\/\/cuberg.net\/fr\/leau-du-robinet-contaminee-par-une-bacterie-vous-devez-eviter-de-la-boire-a-tout-prix-dans-cette-commune\/","title":{"rendered":"L\u2019eau du robinet contamin\u00e9e par une bact\u00e9rie : vous devez \u00e9viter de la boire \u00e0 tout prix dans cette commune"},"content":{"rendered":"<p>La municipalit\u00e9 de W\u0153rth, localis\u00e9e dans le Bas-Rhin, a r\u00e9cemment \u00e9mis une alerte sanitaire concernant l&rsquo;eau du robinet. Suite \u00e0 des analyses effectu\u00e9es mi-mars 2025, les autorit\u00e9s ont identifi\u00e9 la pr\u00e9sence de bact\u00e9ries coliformes dans un ancien r\u00e9servoir, rendant l&rsquo;eau inadapt\u00e9e \u00e0 la consommation. Les habitants ont d\u00fb prendre des mesures strictes pendant plusieurs jours pour \u00e9viter tout risque pour leur sant\u00e9.<\/p>\n<h2>Alerte sanitaire \u00e0 W\u0153rth : contamination bact\u00e9rienne d\u00e9tect\u00e9e dans l&rsquo;eau potable<\/h2>\n<p>Le 17 mars 2025, le Syndicat des eaux et de l&rsquo;assainissement Alsace-Moselle (SDEA) a lanc\u00e9 une alerte apr\u00e8s la d\u00e9couverte d&rsquo;une <strong>contamination bact\u00e9riologique dans le r\u00e9seau d&rsquo;eau potable<\/strong> de la commune de W\u0153rth. Les analyses de routine ont r\u00e9v\u00e9l\u00e9 la pr\u00e9sence de bact\u00e9ries coliformes dans un ancien r\u00e9servoir, n\u00e9cessitant une intervention rapide des autorit\u00e9s locales.<\/p>\n<p>Malgr\u00e9 l&rsquo;absence de danger imm\u00e9diat pour la sant\u00e9 publique selon les premiers r\u00e9sultats, le SDEA a pris imm\u00e9diatement des mesures pr\u00e9ventives. Dans son communiqu\u00e9 officiel, le syndicat a signal\u00e9 une \u00ab l\u00e9g\u00e8re d\u00e9gradation de la qualit\u00e9 bact\u00e9riologique de l&rsquo;eau \u00bb tout en assurant qu&rsquo;il n&rsquo;y avait \u00ab pas de risque pathog\u00e8ne pour la population \u00bb.<\/p>\n<p>Malgr\u00e9 ces assurances, les autorit\u00e9s ont d\u00e9cid\u00e9 de suspendre temporairement la consommation d&rsquo;eau du robinet. Les techniciens ont proc\u00e9d\u00e9 \u00e0 la <strong>vidange compl\u00e8te du r\u00e9seau d&rsquo;eau potable<\/strong> et r\u00e9alis\u00e9 de nouveaux pr\u00e9l\u00e8vements pour des analyses suppl\u00e9mentaires.<\/p>\n<h2>Mesures de pr\u00e9caution et restrictions pour les habitants<\/h2>\n<p>Face \u00e0 cette situation pr\u00e9occupante, la municipalit\u00e9 a mis en place rapidement une cellule de crise pour informer les r\u00e9sidents. Des agents municipaux ont contact\u00e9 les habitants par t\u00e9l\u00e9phone ou en personne pour les sensibiliser aux risques et leur transmettre les <strong>consignes de s\u00e9curit\u00e9 \u00e0 respecter absolument<\/strong>.<\/p>\n<p>Les restrictions impos\u00e9es aux habitants de W\u0153rth \u00e9taient strictes et concernaient divers usages quotidiens de l&rsquo;eau :<\/p>\n<ul>\n<li>Interdiction de boire l&rsquo;eau du robinet<\/li>\n<li>Interdiction d&rsquo;utiliser cette eau pour la pr\u00e9paration des repas<\/li>\n<li>Interdiction de se servir de cette eau pour se brosser les dents<\/li>\n<li>Obligation de faire bouillir l&rsquo;eau pendant au moins cinq minutes avant toute utilisation alimentaire<\/li>\n<\/ul>\n<p>Le SDEA Nord a \u00e9galement pr\u00e9cis\u00e9 que <em>l&rsquo;eau restait utilisable pour d&rsquo;autres usages domestiques<\/em> tels que la douche ou le lavage des mains, ces activit\u00e9s ne pr\u00e9sentant pas de risque particulier malgr\u00e9 la contamination.<\/p>\n<table>\n<tr>\n<th>Usage<\/th>\n<th>Restriction<\/th>\n<\/tr>\n<tr>\n<td>Boisson<\/td>\n<td>Interdit<\/td>\n<\/tr>\n<tr>\n<td>Cuisine<\/td>\n<td>Interdit<\/td>\n<\/tr>\n<tr>\n<td>Hygi\u00e8ne dentaire<\/td>\n<td>Interdit<\/td>\n<\/tr>\n<tr>\n<td>Douche\/bain<\/td>\n<td>Autoris\u00e9<\/td>\n<\/tr>\n<tr>\n<td>Lavage des mains<\/td>\n<td>Autoris\u00e9<\/td>\n<\/tr>\n<\/table>\n<h2>Une probl\u00e9matique r\u00e9currente au-del\u00e0 de W\u0153rth<\/h2>\n<p>La contamination de l&rsquo;eau potable \u00e0 W\u0153rth s&rsquo;inscrit dans un contexte plus large de pr\u00e9occupations concernant la qualit\u00e9 de l&rsquo;eau en France. Le premier trimestre 2025 a \u00e9t\u00e9 marqu\u00e9 par <strong>plusieurs alertes similaires dans diff\u00e9rentes communes fran\u00e7aises<\/strong>, suscitant l&rsquo;inqui\u00e9tude des consommateurs.<\/p>\n<p>Les \u00e9lus locaux et les associations de d\u00e9fense des consommateurs alertent depuis longtemps sur ces probl\u00e8mes. Si certaines contaminations sont rapidement ma\u00eetris\u00e9es, d&rsquo;autres persistent et n\u00e9cessitent des solutions \u00e0 long terme. Un d\u00e9fi majeur concerne la pr\u00e9sence de <em>substances per- et polyfluoroalkyl\u00e9es (PFAS)<\/em>, connues sous le nom de \u00ab\u00a0polluants \u00e9ternels\u00a0\u00bb, provenant notamment de pesticides et d&rsquo;autres compos\u00e9s chimiques industriels.<\/p>\n<p>Cette situation soul\u00e8ve la question des alternatives. Paradoxalement, l&rsquo;eau en bouteille, souvent consid\u00e9r\u00e9e comme plus saine, pr\u00e9sente ses propres inconv\u00e9nients : co\u00fbt plus \u00e9lev\u00e9 et possible pr\u00e9sence de microplastiques li\u00e9s aux contenants. De nombreux foyers ne peuvent pas se permettre cette solution \u00e0 long terme.<\/p>\n<p>Heureusement pour les habitants de W\u0153rth, l&rsquo;interdiction a \u00e9t\u00e9 lev\u00e9e d\u00e8s le lendemain, le 18 mars \u00e0 16 heures. Selon les derni\u00e8res informations des Derni\u00e8res Nouvelles d&rsquo;Alsace (DNA), les r\u00e9sidents peuvent d\u00e9sormais consommer l&rsquo;eau du robinet en toute s\u00e9curit\u00e9. Marc Thieriot, directeur du syndicat, a toutefois indiqu\u00e9 que <strong>les investigations \u00e9taient toujours en cours<\/strong> pour d\u00e9terminer l&rsquo;origine exacte de cette pollution localis\u00e9e dans le r\u00e9servoir.<\/p>\n","protected":false},"excerpt":{"rendered":"<p>La municipalit\u00e9 de W\u0153rth, localis\u00e9e dans le Bas-Rhin, a r\u00e9cemment \u00e9mis une alerte sanitaire concernant l&rsquo;eau du robinet. Suite \u00e0 des analyses effectu\u00e9es mi-mars 2025, les autorit\u00e9s ont identifi\u00e9 la pr\u00e9sence de bact\u00e9ries coliformes dans un ancien r\u00e9servoir, rendant l&rsquo;eau inadapt\u00e9e \u00e0 la consommation. Les habitants ont d\u00fb prendre des mesures strictes pendant plusieurs jours [&hellip;]<\/p>\n","protected":false},"author":1,"featured_media":597,"comment_status":"open","ping_status":"open","sticky":false,"template":"","format":"standard","meta":{"_seopress_robots_primary_cat":"","_seopress_titles_title":"","_seopress_titles_desc":"","_seopress_robots_index":"","footnotes":""},"categories":[8],"tags":[],"class_list":{"0":"post-596","1":"post","2":"type-post","3":"status-publish","4":"format-standard","5":"has-post-thumbnail","7":"category-consommation"},"_links":{"self":[{"href":"https:\/\/cuberg.net\/fr\/wp-json\/wp\/v2\/posts\/596","targetHints":{"allow":["GET"]}}],"collection":[{"href":"https:\/\/cuberg.net\/fr\/wp-json\/wp\/v2\/posts"}],"about":[{"href":"https:\/\/cuberg.net\/fr\/wp-json\/wp\/v2\/types\/post"}],"author":[{"embeddable":true,"href":"https:\/\/cuberg.net\/fr\/wp-json\/wp\/v2\/users\/1"}],"replies":[{"embeddable":true,"href":"https:\/\/cuberg.net\/fr\/wp-json\/wp\/v2\/comments?post=596"}],"version-history":[{"count":1,"href":"https:\/\/cuberg.net\/fr\/wp-json\/wp\/v2\/posts\/596\/revisions"}],"predecessor-version":[{"id":1180,"href":"https:\/\/cuberg.net\/fr\/wp-json\/wp\/v2\/posts\/596\/revisions\/1180"}],"wp:featuredmedia":[{"embeddable":true,"href":"https:\/\/cuberg.net\/fr\/wp-json\/wp\/v2\/media\/597"}],"wp:attachment":[{"href":"https:\/\/cuberg.net\/fr\/wp-json\/wp\/v2\/media?parent=596"}],"wp:term":[{"taxonomy":"category","embeddable":true,"href":"https:\/\/cuberg.net\/fr\/wp-json\/wp\/v2\/categories?post=596"},{"taxonomy":"post_tag","embeddable":true,"href":"https:\/\/cuberg.net\/fr\/wp-json\/wp\/v2\/tags?post=596"}],"curies":[{"name":"wp","href":"https:\/\/api.w.org\/{rel}","templated":true}]}}