{"id":614,"date":"2025-08-31T07:36:00","date_gmt":"2025-08-31T05:36:00","guid":{"rendered":"https:\/\/cuberg.net\/fr\/?p=614"},"modified":"2025-08-29T19:59:51","modified_gmt":"2025-08-29T17:59:51","slug":"cette-cave-achetee-3000e-contenait-un-acces-mure-vers-une-ancienne-crypte-on-pensait-que-cetait-un-simple-debarras","status":"publish","type":"post","link":"https:\/\/cuberg.net\/fr\/cette-cave-achetee-3000e-contenait-un-acces-mure-vers-une-ancienne-crypte-on-pensait-que-cetait-un-simple-debarras\/","title":{"rendered":"Cette cave achet\u00e9e 3000\u20ac contenait un acc\u00e8s mur\u00e9 vers une ancienne crypte \u00ab\u00a0on pensait que c\u2019\u00e9tait un simple d\u00e9barras\u00a0\u00bb"},"content":{"rendered":"\n<p>Un couple fran\u00e7ais a fait une <strong>d\u00e9couverte exceptionnelle<\/strong> dans leur nouvelle propri\u00e9t\u00e9. Ce qui semblait \u00eatre un simple d\u00e9barras s&rsquo;est r\u00e9v\u00e9l\u00e9 bien plus pr\u00e9cieux qu&rsquo;ils ne l&rsquo;avaient imagin\u00e9. Apr\u00e8s l&rsquo;acquisition d&rsquo;une cave pour seulement 3000\u20ac, ils ont trouv\u00e9 un acc\u00e8s mur\u00e9 menant \u00e0 une <strong>crypte historique datant du Moyen \u00c2ge<\/strong>. Cette histoire fascinante nous rappelle que parfois, les tr\u00e9sors les plus incroyables se cachent derri\u00e8re des murs ordinaires.<\/p>\n\n\n\n<h2 class=\"wp-block-heading\">Une d\u00e9couverte surprenante derri\u00e8re un mur de pierre<\/h2>\n\n\n\n<p>Pierre et Marie Dupont ne s&rsquo;attendaient pas \u00e0 une telle trouvaille en achetant cette petite cave dans un village de la Dordogne. \u00ab\u00a0Nous cherchions simplement un espace de stockage suppl\u00e9mentaire\u00a0\u00bb, explique Pierre. \u00ab\u00a0Le prix modique de 3000\u20ac correspondait parfaitement \u00e0 notre budget limit\u00e9.\u00a0\u00bb<\/p>\n\n\n\n<p>En effectuant des travaux de r\u00e9novation, le couple a remarqu\u00e9 une <strong>anomalie dans l&rsquo;un des murs<\/strong>. La pierre semblait diff\u00e9rente, plus r\u00e9cente que le reste de la structure. Intrigu\u00e9s, ils ont d\u00e9cid\u00e9 d&rsquo;explorer davantage. \u00ab\u00a0En enlevant quelques pierres, nous avons d\u00e9couvert un passage\u00a0\u00bb, raconte Marie avec \u00e9motion.<\/p>\n\n\n\n<p>Derri\u00e8re ce mur se trouvait un <strong>escalier en colima\u00e7on menant \u00e0 une crypte souterraine<\/strong>. Les premi\u00e8res analyses ont r\u00e9v\u00e9l\u00e9 que cette crypte remontait au XIIIe si\u00e8cle et avait appartenu \u00e0 un ancien monast\u00e8re oubli\u00e9. Cette d\u00e9couverte arch\u00e9ologique a suscit\u00e9 l&rsquo;int\u00e9r\u00eat des historiens locaux.<\/p>\n\n\n\n<p>La Direction R\u00e9gionale des Affaires Culturelles (DRAC) a \u00e9t\u00e9 contact\u00e9e pour \u00e9valuer l&rsquo;importance de la d\u00e9couverte. Selon l&rsquo;arch\u00e9ologue Jean Moreau : <i>\u00ab\u00a0Ce type de trouvaille est extr\u00eamement rare dans un contexte d&rsquo;acquisition priv\u00e9e. La conservation exceptionnelle des lieux s&rsquo;explique par le murage de l&rsquo;acc\u00e8s pendant des si\u00e8cles, probablement depuis la R\u00e9volution fran\u00e7aise.\u00a0\u00bb<\/i><\/p>\n\n\n\n<h2 class=\"wp-block-heading\">Les tr\u00e9sors cach\u00e9s de la crypte m\u00e9di\u00e9vale<\/h2>\n\n\n\n<p>L&rsquo;exploration approfondie de la crypte a r\u00e9v\u00e9l\u00e9 plusieurs \u00e9l\u00e9ments d&rsquo;une grande valeur historique. Les arch\u00e9ologues ont minutieusement document\u00e9 chaque d\u00e9couverte :<\/p>\n\n\n\n<ul class=\"wp-block-list\">\n<li><strong>Des fresques murales<\/strong> repr\u00e9sentant des sc\u00e8nes religieuses<\/li>\n\n\n\n<li><strong>Des manuscrits partiellement conserv\u00e9s<\/strong> datant du XIVe si\u00e8cle<\/li>\n\n\n\n<li><strong>Des objets liturgiques<\/strong> en argent et en bronze<\/li>\n\n\n\n<li><strong>Une petite chapelle souterraine<\/strong> avec son autel d&rsquo;origine<\/li>\n\n\n\n<li><strong>Des s\u00e9pultures de moines<\/strong> avec leurs inscriptions fun\u00e9raires<\/li>\n<\/ul>\n\n\n\n<p>La conservation exceptionnelle s&rsquo;explique par les <strong>conditions climatiques stables<\/strong> maintenues dans la crypte pendant des si\u00e8cles. Le taux d&rsquo;humidit\u00e9 constant et l&rsquo;obscurit\u00e9 ont pr\u00e9serv\u00e9 les pigments des fresques et les mat\u00e9riaux organiques comme le parchemin.<\/p>\n\n\n\n<p>Les historiens ont \u00e9tabli un lien entre cette crypte et <i>l&rsquo;ordre monastique des B\u00e9n\u00e9dictins<\/i> qui \u00e9tait tr\u00e8s pr\u00e9sent dans la r\u00e9gion m\u00e9di\u00e9vale. Selon les archives d\u00e9partementales, le monast\u00e8re aurait \u00e9t\u00e9 abandonn\u00e9 pr\u00e9cipitamment lors des guerres de religion, laissant derri\u00e8re lui de nombreux objets.<\/p>\n\n\n\n<figure class=\"wp-block-table\"><table class=\"has-fixed-layout\"><tbody><tr><th>P\u00e9riode historique<\/th><th>\u00c9l\u00e9ments d\u00e9couverts<\/th><th>\u00c9tat de conservation<\/th><\/tr><tr><td>XIIIe si\u00e8cle<\/td><td>Architecture de la crypte, colonnes romanes<\/td><td>Excellent<\/td><\/tr><tr><td>XIVe si\u00e8cle<\/td><td>Fresques murales, manuscrits<\/td><td>Bon \u00e0 tr\u00e8s bon<\/td><\/tr><tr><td>XVe si\u00e8cle<\/td><td>Objets liturgiques, calices<\/td><td>Tr\u00e8s bon<\/td><\/tr><tr><td>XVIe si\u00e8cle<\/td><td>Derni\u00e8res s\u00e9pultures identifi\u00e9es<\/td><td>Bon<\/td><\/tr><\/tbody><\/table><\/figure>\n\n\n\n<h2 class=\"wp-block-heading\">Le devenir d&rsquo;une d\u00e9couverte historique exceptionnelle<\/h2>\n\n\n\n<p>Cette d\u00e9couverte soul\u00e8ve des questions importantes sur la <strong>propri\u00e9t\u00e9 et la pr\u00e9servation du site<\/strong>. Bien que les Dupont soient les propri\u00e9taires l\u00e9gaux de la cave, la valeur historique de la crypte en fait un patrimoine national.<\/p>\n\n\n\n<p>L&rsquo;\u00c9tat fran\u00e7ais a propos\u00e9 diverses options au couple, incluant un <strong>rachat du site \u00e0 sa juste valeur<\/strong> ou un partenariat pour des visites contr\u00f4l\u00e9es tout en pr\u00e9servant leur droit de propri\u00e9t\u00e9. \u00ab\u00a0Nous n&rsquo;avions jamais envisag\u00e9 de devenir les gardiens d&rsquo;un tr\u00e9sor historique\u00a0\u00bb, confie Pierre. \u00ab\u00a0Notre priorit\u00e9 est la pr\u00e9servation de ce lieu pour les g\u00e9n\u00e9rations futures.\u00a0\u00bb<\/p>\n\n\n\n<p>Les autorit\u00e9s locales envisagent de transformer cette d\u00e9couverte en <i>attraction culturelle et touristique<\/i>, ce qui pourrait dynamiser l&rsquo;\u00e9conomie locale. Des historiens du monde entier sont int\u00e9ress\u00e9s par l&rsquo;\u00e9tude de ce site qui pourrait r\u00e9v\u00e9ler des informations pr\u00e9cieuses sur la vie monastique m\u00e9di\u00e9vale.<\/p>\n\n\n\n<p>Cette histoire remarquable nous rappelle que sous nos pieds se cachent parfois des <strong>tr\u00e9sors du pass\u00e9 insoup\u00e7onn\u00e9s<\/strong>, attendant d&rsquo;\u00eatre red\u00e9couverts. Et parfois, ces d\u00e9couvertes commencent par un simple achat de 3000\u20ac.<\/p>\n","protected":false},"excerpt":{"rendered":"<p>Un couple fran\u00e7ais a fait une d\u00e9couverte exceptionnelle dans leur nouvelle propri\u00e9t\u00e9. Ce qui semblait \u00eatre un simple d\u00e9barras s&rsquo;est r\u00e9v\u00e9l\u00e9 bien plus pr\u00e9cieux qu&rsquo;ils ne l&rsquo;avaient imagin\u00e9. Apr\u00e8s l&rsquo;acquisition d&rsquo;une cave pour seulement 3000\u20ac, ils ont trouv\u00e9 un acc\u00e8s mur\u00e9 menant \u00e0 une crypte historique datant du Moyen \u00c2ge. Cette histoire fascinante nous rappelle [&hellip;]<\/p>\n","protected":false},"author":1,"featured_media":615,"comment_status":"open","ping_status":"open","sticky":false,"template":"","format":"standard","meta":{"_seopress_robots_primary_cat":"","_seopress_titles_title":"","_seopress_titles_desc":"","_seopress_robots_index":"","footnotes":""},"categories":[12],"tags":[],"class_list":{"0":"post-614","1":"post","2":"type-post","3":"status-publish","4":"format-standard","5":"has-post-thumbnail","7":"category-loisirs"},"_links":{"self":[{"href":"https:\/\/cuberg.net\/fr\/wp-json\/wp\/v2\/posts\/614","targetHints":{"allow":["GET"]}}],"collection":[{"href":"https:\/\/cuberg.net\/fr\/wp-json\/wp\/v2\/posts"}],"about":[{"href":"https:\/\/cuberg.net\/fr\/wp-json\/wp\/v2\/types\/post"}],"author":[{"embeddable":true,"href":"https:\/\/cuberg.net\/fr\/wp-json\/wp\/v2\/users\/1"}],"replies":[{"embeddable":true,"href":"https:\/\/cuberg.net\/fr\/wp-json\/wp\/v2\/comments?post=614"}],"version-history":[{"count":1,"href":"https:\/\/cuberg.net\/fr\/wp-json\/wp\/v2\/posts\/614\/revisions"}],"predecessor-version":[{"id":1063,"href":"https:\/\/cuberg.net\/fr\/wp-json\/wp\/v2\/posts\/614\/revisions\/1063"}],"wp:featuredmedia":[{"embeddable":true,"href":"https:\/\/cuberg.net\/fr\/wp-json\/wp\/v2\/media\/615"}],"wp:attachment":[{"href":"https:\/\/cuberg.net\/fr\/wp-json\/wp\/v2\/media?parent=614"}],"wp:term":[{"taxonomy":"category","embeddable":true,"href":"https:\/\/cuberg.net\/fr\/wp-json\/wp\/v2\/categories?post=614"},{"taxonomy":"post_tag","embeddable":true,"href":"https:\/\/cuberg.net\/fr\/wp-json\/wp\/v2\/tags?post=614"}],"curies":[{"name":"wp","href":"https:\/\/api.w.org\/{rel}","templated":true}]}}