{"id":618,"date":"2025-08-31T08:38:00","date_gmt":"2025-08-31T06:38:00","guid":{"rendered":"https:\/\/cuberg.net\/fr\/?p=618"},"modified":"2025-08-29T19:59:52","modified_gmt":"2025-08-29T17:59:52","slug":"mark-zuckerberg-annonce-et-explique-pourquoi-les-telephones-portables-seront-bientot-obsoletes","status":"publish","type":"post","link":"https:\/\/cuberg.net\/fr\/mark-zuckerberg-annonce-et-explique-pourquoi-les-telephones-portables-seront-bientot-obsoletes\/","title":{"rendered":"Mark Zuckerberg annonce et explique pourquoi les t\u00e9l\u00e9phones portables seront bient\u00f4t obsol\u00e8tes"},"content":{"rendered":"<p>Dans une r\u00e9cente annonce qui a secou\u00e9 l&rsquo;industrie technologique, <strong>Mark Zuckerberg, le PDG de Meta<\/strong>, a pr\u00e9dit la fin des smartphones tels que nous les connaissons. Cette d\u00e9claration audacieuse soul\u00e8ve de nombreuses interrogations sur l&rsquo;avenir de nos appareils quotidiens et pourrait marquer un tournant dans notre mani\u00e8re d&rsquo;interagir avec la technologie.<\/p>\n<h2>La r\u00e9volution annonc\u00e9e par le fondateur de Facebook<\/h2>\n<p>Lors d&rsquo;une entrevue \u00e0 Meta Connect 2024, Mark Zuckerberg a partag\u00e9 sa vision sur l&rsquo;avenir des communications mobiles. Selon lui, <strong>les smartphones ont atteint leur limite d&rsquo;innovation<\/strong> et ne peuvent plus progresser de mani\u00e8re significative dans leur forme actuelle. Cette stagnation technologique ouvre la voie \u00e0 une nouvelle g\u00e9n\u00e9ration d&rsquo;appareils.<\/p>\n<p>\u00ab\u00a0Dans 10 ans, beaucoup de gens ne transporteront plus leurs smartphones, ils utiliseront leurs lunettes pour tout\u00a0\u00bb, a d\u00e9clar\u00e9 le visionnaire de la Silicon Valley. Cette pr\u00e9diction r\u00e9volutionnaire repose sur les r\u00e9centes avanc\u00e9es en <em>r\u00e9alit\u00e9 augment\u00e9e et en interfaces homme-machine<\/em>.<\/p>\n<p>Les critiques envers les fabricants de smartphones tels qu&rsquo;Apple ne cessent de cro\u00eetre. De nombreux utilisateurs d\u00e9plorent le manque d&rsquo;innovations majeures et \u00e9voquent m\u00eame une r\u00e9gression dans des domaines comme la photographie. Selon Zuckerberg, cela confirme que <strong>l&rsquo;\u00e8re du smartphone tire \u00e0 sa fin<\/strong>.<\/p>\n<table border=\"1\">\n<tr>\n<th>Probl\u00e8mes actuels des smartphones<\/th>\n<th>Avantages des lunettes AR<\/th>\n<\/tr>\n<tr>\n<td>Limitations d&rsquo;innovation<\/td>\n<td>Exp\u00e9rience immersive<\/td>\n<\/tr>\n<tr>\n<td>Interface restrictive<\/td>\n<td>Interactions naturelles<\/td>\n<\/tr>\n<tr>\n<td>Attention divis\u00e9e<\/td>\n<td>Int\u00e9gration harmonieuse<\/td>\n<\/tr>\n<\/table>\n<h2>Les lunettes de r\u00e9alit\u00e9 augment\u00e9e comme successeurs<\/h2>\n<p>Le remplacement des smartphones par des <strong>lunettes de r\u00e9alit\u00e9 augment\u00e9e<\/strong> repr\u00e9sente un changement fondamental dans notre relation avec la technologie. Ces dispositifs promettent une exp\u00e9rience plus fluide et intuitive que nos smartphones actuels.<\/p>\n<p>Un des principaux avantages de cette technologie est sa capacit\u00e9 \u00e0 s&rsquo;int\u00e9grer naturellement dans notre quotidien. Plut\u00f4t que de fixer constamment un \u00e9cran, les utilisateurs pourront interagir avec le monde num\u00e9rique tout en restant connect\u00e9s \u00e0 leur environnement physique.<\/p>\n<p>Zuckerberg illustre cette vision avec des exemples concrets : \u00ab\u00a0Imaginez \u00eatre dans un caf\u00e9 et pouvoir afficher plusieurs \u00e9crans de travail devant vous, ou m\u00eame jouer \u00e0 une partie de Pong sur une table virtuelle\u00a0\u00bb. Ces <em>sc\u00e9narios d&rsquo;utilisation innovants<\/em> d\u00e9montrent le potentiel transformateur de cette technologie.<\/p>\n<p>Les fonctionnalit\u00e9s attendues des lunettes AR incluent :<\/p>\n<ul>\n<li>Projection d&rsquo;\u00e9crans virtuels dans l&rsquo;environnement r\u00e9el<\/li>\n<li>Communication par hologrammes et avatars<\/li>\n<li>Informations contextuelles superpos\u00e9es au monde physique<\/li>\n<li>Interaction gestuelle et vocale avanc\u00e9e<\/li>\n<li>Exp\u00e9riences immersives de divertissement<\/li>\n<\/ul>\n<h2>D\u00e9fis majeurs pour l&rsquo;adoption massive<\/h2>\n<p>Malgr\u00e9 l&rsquo;enthousiasme de Zuckerberg, plusieurs obstacles devront \u00eatre surmont\u00e9s avant que les lunettes AR ne remplacent d\u00e9finitivement nos smartphones. Le <strong>d\u00e9fi \u00e9conomique constitue la principale barri\u00e8re<\/strong> \u00e0 une adoption g\u00e9n\u00e9ralis\u00e9e.<\/p>\n<p>Le PDG de Meta reconna\u00eet lui-m\u00eame que le co\u00fbt \u00e9lev\u00e9 de ces dispositifs pourrait freiner leur d\u00e9mocratisation. Dans un monde o\u00f9 de nombreuses personnes ont d\u00e9j\u00e0 du mal \u00e0 s&rsquo;offrir les derniers iPhones, les lunettes AR pourraient \u00eatre encore plus inaccessibles financi\u00e8rement.<\/p>\n<p>La transition vers cette nouvelle \u00e8re technologique se fera probablement en plusieurs \u00e9tapes :<\/p>\n<ol>\n<li>Am\u00e9lioration technique des lunettes AR<\/li>\n<li>R\u00e9duction progressive des co\u00fbts de production<\/li>\n<li>Adoption par les early adopters et les professionnels<\/li>\n<li>Diffusion progressive dans le grand public<\/li>\n<\/ol>\n<p>Les <em>g\u00e9ants de la technologie tels que Meta, Apple et Google<\/em> investissent massivement dans ce domaine, convaincus que l&rsquo;avenir des communications personnelles ne passera plus par l&rsquo;\u00e9cran rectangulaire que nous tenons aujourd&rsquo;hui dans nos mains. Cette transition repr\u00e9sente un d\u00e9fi commercial et technologique sans pr\u00e9c\u00e9dent pour l&rsquo;industrie.<\/p>\n<p>La vision de Zuckerberg nous pousse \u00e0 reconsid\u00e9rer notre rapport \u00e0 la technologie, anticipant un monde o\u00f9 les interfaces num\u00e9riques se fondront harmonieusement dans notre r\u00e9alit\u00e9 quotidienne, rendant nos smartphones actuels aussi obsol\u00e8tes que les t\u00e9l\u00e9phones \u00e0 cadran rotatif d&rsquo;antan.<\/p>\n","protected":false},"excerpt":{"rendered":"<p>Dans une r\u00e9cente annonce qui a secou\u00e9 l&rsquo;industrie technologique, Mark Zuckerberg, le PDG de Meta, a pr\u00e9dit la fin des smartphones tels que nous les connaissons. Cette d\u00e9claration audacieuse soul\u00e8ve de nombreuses interrogations sur l&rsquo;avenir de nos appareils quotidiens et pourrait marquer un tournant dans notre mani\u00e8re d&rsquo;interagir avec la technologie. La r\u00e9volution annonc\u00e9e par [&hellip;]<\/p>\n","protected":false},"author":1,"featured_media":619,"comment_status":"open","ping_status":"open","sticky":false,"template":"","format":"standard","meta":{"_seopress_robots_primary_cat":"","_seopress_titles_title":"","_seopress_titles_desc":"","_seopress_robots_index":"","footnotes":""},"categories":[16],"tags":[],"class_list":{"0":"post-618","1":"post","2":"type-post","3":"status-publish","4":"format-standard","5":"has-post-thumbnail","7":"category-business"},"_links":{"self":[{"href":"https:\/\/cuberg.net\/fr\/wp-json\/wp\/v2\/posts\/618","targetHints":{"allow":["GET"]}}],"collection":[{"href":"https:\/\/cuberg.net\/fr\/wp-json\/wp\/v2\/posts"}],"about":[{"href":"https:\/\/cuberg.net\/fr\/wp-json\/wp\/v2\/types\/post"}],"author":[{"embeddable":true,"href":"https:\/\/cuberg.net\/fr\/wp-json\/wp\/v2\/users\/1"}],"replies":[{"embeddable":true,"href":"https:\/\/cuberg.net\/fr\/wp-json\/wp\/v2\/comments?post=618"}],"version-history":[{"count":1,"href":"https:\/\/cuberg.net\/fr\/wp-json\/wp\/v2\/posts\/618\/revisions"}],"predecessor-version":[{"id":1064,"href":"https:\/\/cuberg.net\/fr\/wp-json\/wp\/v2\/posts\/618\/revisions\/1064"}],"wp:featuredmedia":[{"embeddable":true,"href":"https:\/\/cuberg.net\/fr\/wp-json\/wp\/v2\/media\/619"}],"wp:attachment":[{"href":"https:\/\/cuberg.net\/fr\/wp-json\/wp\/v2\/media?parent=618"}],"wp:term":[{"taxonomy":"category","embeddable":true,"href":"https:\/\/cuberg.net\/fr\/wp-json\/wp\/v2\/categories?post=618"},{"taxonomy":"post_tag","embeddable":true,"href":"https:\/\/cuberg.net\/fr\/wp-json\/wp\/v2\/tags?post=618"}],"curies":[{"name":"wp","href":"https:\/\/api.w.org\/{rel}","templated":true}]}}