{"id":624,"date":"2025-09-03T09:31:00","date_gmt":"2025-09-03T07:31:00","guid":{"rendered":"https:\/\/cuberg.net\/fr\/?p=624"},"modified":"2025-09-03T00:23:04","modified_gmt":"2025-09-02T22:23:04","slug":"si-vous-avez-achete-un-iphone-ces-10-dernieres-annees-apple-va-bientot-vous-rembourser","status":"publish","type":"post","link":"https:\/\/cuberg.net\/fr\/si-vous-avez-achete-un-iphone-ces-10-dernieres-annees-apple-va-bientot-vous-rembourser\/","title":{"rendered":"Si vous avez achet\u00e9 un iPhone ces 10 derni\u00e8res ann\u00e9es, Apple va bient\u00f4t vous rembourser"},"content":{"rendered":"\n<p>Une action collective r\u00e9cente vise Apple en France suite \u00e0 des r\u00e9v\u00e9lations sur des \u00e9coutes non autoris\u00e9es via Siri. Si vous avez un appareil Apple depuis 2015, vous pourriez \u00eatre \u00e9ligible \u00e0 un remboursement complet. D\u00e9couvrez les d\u00e9tails de cette affaire et comment exercer vos droits.<\/p>\n\n\n\n<h2 class=\"wp-block-heading\">L&rsquo;affaire des \u00e9coutes Siri qui secoue Apple<\/h2>\n\n\n\n<p>En 2019, un <strong>informateur ayant travaill\u00e9 pour un sous-traitant d&rsquo;Apple<\/strong> a r\u00e9v\u00e9l\u00e9 des pratiques pr\u00e9occupantes concernant Siri. Selon ses dires, de nombreux utilisateurs auraient \u00e9t\u00e9 \u00e9cout\u00e9s \u00e0 leur insu, m\u00eame sans activer \u00ab\u00a0Dis, Siri\u00a0\u00bb.<\/p>\n\n\n\n<p>Ces \u00e9coutes non autoris\u00e9es ont des cons\u00e9quences graves car des <strong>donn\u00e9es personnelles sensibles<\/strong> auraient \u00e9t\u00e9 recueillies : conversations priv\u00e9es, opinions politiques, croyances religieuses et informations confidentielles. Apple a ni\u00e9 ces all\u00e9gations, affirmant ne pas avoir utilis\u00e9 les donn\u00e9es Siri \u00e0 des fins de profilage ou de publicit\u00e9.<\/p>\n\n\n\n<p>Cette controverse a d\u00e9j\u00e0 eu des r\u00e9percussions aux \u00c9tats-Unis, o\u00f9 Apple a accept\u00e9 de verser <strong>95 millions de dollars de d\u00e9dommagement<\/strong> en 2025 pour mettre fin \u00e0 une action collective similaire. Ce montant \u00e9quivalait \u00e0 environ 20 dollars par plaignant am\u00e9ricain, jug\u00e9 insuffisant par les consommateurs fran\u00e7ais.<\/p>\n\n\n\n<p>Cette affaire soul\u00e8ve des questions cruciales sur la protection de la vie priv\u00e9e \u00e0 l&rsquo;\u00e8re num\u00e9rique et les pratiques des grandes entreprises technologiques. Les utilisateurs prennent conscience de la valeur de leurs donn\u00e9es personnelles et des possibles abus qui peuvent en d\u00e9couler.<\/p>\n\n\n\n<h2 class=\"wp-block-heading\">Comment les utilisateurs fran\u00e7ais peuvent obtenir un remboursement<\/h2>\n\n\n\n<p>En mai 2025, trois avocats fran\u00e7ais &#8211; Julien Bayrou, Eva Naudon et Olivia Roche &#8211; ont entam\u00e9 une action collective contre Apple pour obtenir des compensations plus importantes que celles accord\u00e9es aux utilisateurs am\u00e9ricains.<\/p>\n\n\n\n<p>Cette action fait suite \u00e0 une plainte d\u00e9pos\u00e9e en f\u00e9vrier 2025 par la Ligue des droits de l&rsquo;Homme pour violation de la vie priv\u00e9e. Julien Bayrou, ancien d\u00e9put\u00e9 \u00e9cologiste, a d\u00e9clar\u00e9 au journal Le Parisien : <em>\u00ab\u00a0Apple reconna\u00eet les \u00e9coutes, mais pr\u00e9tend qu&rsquo;elles servaient \u00e0 am\u00e9liorer Siri. Le soup\u00e7on d&rsquo;utilisation \u00e0 des fins publicitaires persiste.\u00a0\u00bb<\/em><\/p>\n\n\n\n<p>Pour participer \u00e0 cette action, les \u00e9tapes sont simples :<\/p>\n\n\n\n<ol class=\"wp-block-list\">\n<li>Visiter le site ecoutesabusives.fr<\/li>\n\n\n\n<li>Compl\u00e9ter le formulaire d&rsquo;inscription<\/li>\n\n\n\n<li>Fournir les d\u00e9tails de vos appareils Apple<\/li>\n\n\n\n<li>Attendre la suite de la proc\u00e9dure l\u00e9gale<\/li>\n<\/ol>\n\n\n\n<p>Tous les propri\u00e9taires d&rsquo;appareils Apple acquis depuis 2015 sont concern\u00e9s, qu&rsquo;ils aient des preuves d&rsquo;\u00e9coutes abusives ou non. La date limite pour rejoindre l&rsquo;action est fix\u00e9e \u00e0 fin juin 2025.<\/p>\n\n\n\n<h2 class=\"wp-block-heading\">Quels appareils sont vis\u00e9s par cette action collective<\/h2>\n\n\n\n<p>Cette d\u00e9marche concerne une vari\u00e9t\u00e9 de produits Apple vendus au cours des dix derni\u00e8res ann\u00e9es. Tous les appareils \u00e9quip\u00e9s de Siri et achet\u00e9s depuis 2015 entrent dans le cadre de cette action.<\/p>\n\n\n\n<figure class=\"wp-block-table\"><table class=\"has-fixed-layout\"><tbody><tr><th>Type d&rsquo;appareil<\/th><th>Mod\u00e8les concern\u00e9s<\/th><th>Compensation potentielle<\/th><\/tr><tr><td>iPhone<\/td><td>iPhone 6 et versions ult\u00e9rieures<\/td><td>Remboursement int\u00e9gral<\/td><\/tr><tr><td>iPad<\/td><td>Tous les mod\u00e8les depuis 2015<\/td><td>Remboursement int\u00e9gral<\/td><\/tr><tr><td>Mac<\/td><td>Tous les mod\u00e8les avec Siri<\/td><td>Remboursement int\u00e9gral<\/td><\/tr><tr><td>AirPods<\/td><td>Toutes les g\u00e9n\u00e9rations<\/td><td>Remboursement int\u00e9gral<\/td><\/tr><tr><td>Apple Watch<\/td><td>Toutes les s\u00e9ries<\/td><td>Remboursement int\u00e9gral<\/td><\/tr><\/tbody><\/table><\/figure>\n\n\n\n<p>Contrairement \u00e0 l&rsquo;action aux \u00c9tats-Unis qui a abouti \u00e0 une compensation symbolique, les avocats fran\u00e7ais r\u00e9clament le remboursement total de chaque appareil, jusqu&rsquo;\u00e0 cinq par personne. Cette demande pourrait repr\u00e9senter des sommes importantes pour les utilisateurs fran\u00e7ais, certains produits Apple valant plusieurs milliers d&rsquo;euros.<\/p>\n\n\n\n<p>L&rsquo;\u00e9quipe juridique a indiqu\u00e9 : <em>\u00ab\u00a0Nous allons adresser une mise en demeure au tribunal judiciaire de Paris avant l&rsquo;\u00e9t\u00e9, proposant un r\u00e8glement \u00e0 l&rsquo;amiable \u00e0 Apple.\u00a0\u00bb<\/em> En cas d&rsquo;\u00e9chec des n\u00e9gociations, la proc\u00e9dure l\u00e9gale suivra son cours, pouvant prendre plusieurs mois voire ann\u00e9es.<\/p>\n\n\n\n<h2 class=\"wp-block-heading\">Les r\u00e9percussions futures sur la protection des donn\u00e9es<\/h2>\n\n\n\n<p>Cette affaire pourrait \u00e9tablir un pr\u00e9c\u00e9dent important dans la protection des donn\u00e9es personnelles en Europe. La France, avec sa l\u00e9gislation stricte sur la vie priv\u00e9e et le RGPD, pourrait devenir un terrain de lutte d\u00e9cisif entre les g\u00e9ants technologiques et les d\u00e9fenseurs des droits des utilisateurs.<\/p>\n\n\n\n<p>La collecte de donn\u00e9es par les assistants vocaux est d\u00e9sormais \u00e9troitement surveill\u00e9e. D&rsquo;autres entreprises proposant des assistants similaires, comme Google ou Amazon, pourraient \u00e9galement \u00eatre vis\u00e9es par des actions judiciaires si des pratiques similaires \u00e9taient r\u00e9v\u00e9l\u00e9es.<\/p>\n\n\n\n<p>Cette affaire rappelle aux utilisateurs l&rsquo;importance de prot\u00e9ger leur vie priv\u00e9e en ligne et de d\u00e9fendre leurs droits en cas de violation. Si vous poss\u00e9dez un appareil Apple concern\u00e9, n&rsquo;h\u00e9sitez pas \u00e0 participer \u00e0 cette action collective avant la fin juin 2025.<\/p>\n","protected":false},"excerpt":{"rendered":"<p>Une action collective r\u00e9cente vise Apple en France suite \u00e0 des r\u00e9v\u00e9lations sur des \u00e9coutes non autoris\u00e9es via Siri. Si vous avez un appareil Apple depuis 2015, vous pourriez \u00eatre \u00e9ligible \u00e0 un remboursement complet. D\u00e9couvrez les d\u00e9tails de cette affaire et comment exercer vos droits. L&rsquo;affaire des \u00e9coutes Siri qui secoue Apple En 2019, [&hellip;]<\/p>\n","protected":false},"author":1,"featured_media":625,"comment_status":"open","ping_status":"open","sticky":false,"template":"","format":"standard","meta":{"_seopress_robots_primary_cat":"","_seopress_titles_title":"","_seopress_titles_desc":"","_seopress_robots_index":"","footnotes":""},"categories":[8],"tags":[],"class_list":{"0":"post-624","1":"post","2":"type-post","3":"status-publish","4":"format-standard","5":"has-post-thumbnail","7":"category-consommation"},"_links":{"self":[{"href":"https:\/\/cuberg.net\/fr\/wp-json\/wp\/v2\/posts\/624","targetHints":{"allow":["GET"]}}],"collection":[{"href":"https:\/\/cuberg.net\/fr\/wp-json\/wp\/v2\/posts"}],"about":[{"href":"https:\/\/cuberg.net\/fr\/wp-json\/wp\/v2\/types\/post"}],"author":[{"embeddable":true,"href":"https:\/\/cuberg.net\/fr\/wp-json\/wp\/v2\/users\/1"}],"replies":[{"embeddable":true,"href":"https:\/\/cuberg.net\/fr\/wp-json\/wp\/v2\/comments?post=624"}],"version-history":[{"count":1,"href":"https:\/\/cuberg.net\/fr\/wp-json\/wp\/v2\/posts\/624\/revisions"}],"predecessor-version":[{"id":1095,"href":"https:\/\/cuberg.net\/fr\/wp-json\/wp\/v2\/posts\/624\/revisions\/1095"}],"wp:featuredmedia":[{"embeddable":true,"href":"https:\/\/cuberg.net\/fr\/wp-json\/wp\/v2\/media\/625"}],"wp:attachment":[{"href":"https:\/\/cuberg.net\/fr\/wp-json\/wp\/v2\/media?parent=624"}],"wp:term":[{"taxonomy":"category","embeddable":true,"href":"https:\/\/cuberg.net\/fr\/wp-json\/wp\/v2\/categories?post=624"},{"taxonomy":"post_tag","embeddable":true,"href":"https:\/\/cuberg.net\/fr\/wp-json\/wp\/v2\/tags?post=624"}],"curies":[{"name":"wp","href":"https:\/\/api.w.org\/{rel}","templated":true}]}}