{"id":654,"date":"2025-09-01T17:53:00","date_gmt":"2025-09-01T15:53:00","guid":{"rendered":"https:\/\/cuberg.net\/fr\/?p=654"},"modified":"2025-08-31T23:37:20","modified_gmt":"2025-08-31T21:37:20","slug":"mauvaise-surprise-ce-nouvel-impot-pourrait-impacter-de-nombreux-francais-les-concernes","status":"publish","type":"post","link":"https:\/\/cuberg.net\/fr\/mauvaise-surprise-ce-nouvel-impot-pourrait-impacter-de-nombreux-francais-les-concernes\/","title":{"rendered":"Mauvaise surprise : ce nouvel imp\u00f4t pourrait impacter de nombreux Fran\u00e7ais, les concern\u00e9s"},"content":{"rendered":"\n<p>D&rsquo;apr\u00e8s un r\u00e9cent sondage r\u00e9alis\u00e9 par Odoxa, 64% des citoyens fran\u00e7ais jugent que leur niveau d&rsquo;imposition est excessif. Cette inqui\u00e9tude est renforc\u00e9e par une dette publique d\u00e9passant les 3 200 milliards d&rsquo;euros. Afin de r\u00e9duire ce d\u00e9ficit consid\u00e9rable, le gouvernement envisage la mise en place d&rsquo;une <strong>nouvelle mesure fiscale visant sp\u00e9cifiquement les m\u00e9nages les plus riches<\/strong>. Cette proposition suscite de vives discussions au sein de la soci\u00e9t\u00e9 et des acteurs politiques.<\/p>\n\n\n\n<h2 class=\"wp-block-heading\">Le concept d&rsquo;imp\u00f4t minimal diff\u00e9renci\u00e9 pour les grandes fortunes<\/h2>\n\n\n\n<p>Le 19 f\u00e9vrier 2025, Am\u00e9lie de Montchalin, ministre des Comptes publics, a d\u00e9voil\u00e9 dans les colonnes des \u00c9chos un projet fiscal d&rsquo;envergure. Ce <strong>nouvel imp\u00f4t minimal diff\u00e9renci\u00e9<\/strong> vise \u00e0 contrer les pratiques d&rsquo;optimisation fiscale l\u00e9gales utilis\u00e9es par les contribuables les plus ais\u00e9s pour r\u00e9duire significativement leur charge fiscale.<\/p>\n\n\n\n<p>Cette mesure s&rsquo;inscrit dans un contexte particulier, rappelant qu&rsquo;au d\u00e9but de son mandat, Emmanuel Macron avait supprim\u00e9 l&rsquo;Imp\u00f4t de Solidarit\u00e9 sur la Fortune (ISF) pour instaurer l&rsquo;Imp\u00f4t sur la Fortune Immobili\u00e8re (IFI). Le seuil de cet imp\u00f4t nouveau serait align\u00e9 sur celui de l&rsquo;IFI, ciblant ainsi les patrimoines d\u00e9passant 1,3 million d&rsquo;euros.<\/p>\n\n\n\n<p>Selon les donn\u00e9es de la Direction g\u00e9n\u00e9rale des Finances publiques, cette r\u00e9forme toucherait environ 176 000 foyers fran\u00e7ais. Il est important de noter que <strong>les actifs professionnels ne seraient pas pris en compte dans le calcul de cette nouvelle imposition<\/strong>.<\/p>\n\n\n\n<p>Voici les points cl\u00e9s de la proposition envisag\u00e9e :<\/p>\n\n\n\n<ul class=\"wp-block-list\">\n<li>Seuil d&rsquo;application fix\u00e9 \u00e0 1,3 million d&rsquo;euros de patrimoine<\/li>\n\n\n\n<li>Exclusion des actifs professionnels de la base fiscale<\/li>\n\n\n\n<li>Objectif de r\u00e9duire les pratiques d&rsquo;optimisation fiscale<\/li>\n\n\n\n<li>Mise en place progressive pr\u00e9vue pour l&rsquo;exercice fiscal 2026<\/li>\n<\/ul>\n\n\n\n<h2 class=\"wp-block-heading\">Opinions publiques et divergences politiques<\/h2>\n\n\n\n<p>Le sondage Odoxa r\u00e9v\u00e8le que <strong>76% des Fran\u00e7ais soutiennent une augmentation des imp\u00f4ts pour les foyers les plus ais\u00e9s<\/strong>, en particulier ceux dont les revenus annuels d\u00e9passent 500 000 euros. Ce soutien massif refl\u00e8te un sentiment largement partag\u00e9 selon lequel la fiscalit\u00e9 fran\u00e7aise est marqu\u00e9e par des in\u00e9galit\u00e9s structurelles.<\/p>\n\n\n\n<p>Cependant, les parlementaires sont divis\u00e9s sur cette question. Le groupe \u00e9cologiste, notamment, estime que la proposition gouvernementale manque d&rsquo;ambition. Ces d\u00e9put\u00e9s plaident en faveur d&rsquo;une <em>taxation beaucoup plus \u00e9lev\u00e9e des grandes fortunes<\/em> et souhaitent inclure les actifs professionnels dans l&rsquo;assiette fiscale, contrairement \u00e0 ce que pr\u00e9voit le projet actuel.<\/p>\n\n\n\n<p>D&rsquo;apr\u00e8s leurs estimations, une approche plus audacieuse pourrait g\u00e9n\u00e9rer jusqu&rsquo;\u00e0 25 milliards d&rsquo;euros de recettes suppl\u00e9mentaires. Face \u00e0 cette proposition, la ministre Am\u00e9lie de Montchalin met en garde contre un risque majeur : <em>\u00ab\u00a0Cela reviendrait \u00e0 pr\u00e9lever ces contribuables au point de les inciter \u00e0 quitter le territoire\u00a0\u00bb<\/em>.<\/p>\n\n\n\n<figure class=\"wp-block-table\"><table class=\"has-fixed-layout\"><tbody><tr><th>Position<\/th><th>Principaux arguments<\/th><\/tr><tr><td>Gouvernement<\/td><td>Imp\u00f4t cibl\u00e9, pr\u00e9servation des actifs professionnels, \u00e9quilibre fiscal<\/td><\/tr><tr><td>\u00c9cologistes<\/td><td>Taxation plus \u00e9lev\u00e9e, inclusion des actifs professionnels, recettes potentielles importantes<\/td><\/tr><tr><td>Opposants<\/td><td>Risque d&rsquo;exil fiscal, comp\u00e9titivit\u00e9 r\u00e9duite, signal n\u00e9gatif aux entrepreneurs<\/td><\/tr><\/tbody><\/table><\/figure>\n\n\n\n<h2 class=\"wp-block-heading\">Risques et opportunit\u00e9s li\u00e9s \u00e0 cette r\u00e9forme fiscale<\/h2>\n\n\n\n<p>Les d\u00e9tracteurs de cette mesure avancent que ce <strong>nouvel imp\u00f4t pourrait entra\u00eener une fuite des contribuables vers des pays offrant des r\u00e9gimes fiscaux plus avantageux, comme la Suisse ou le Portugal. Cette crainte constitue l&rsquo;argument principal contre l&rsquo;instauration d&rsquo;une fiscalit\u00e9 plus stricte pour les grandes fortunes.<\/p>\n\n\n\n<p>L&rsquo;\u00e9conomiste Gabriel Zucman apporte un \u00e9clairage diff\u00e9rent \u00e0 ce d\u00e9bat. Selon lui, le ph\u00e9nom\u00e8ne d&rsquo;exil fiscal est souvent surestim\u00e9 dans les d\u00e9bats publics. Ses analyses sugg\u00e8rent que les pertes potentielles seraient relativement limit\u00e9es. Il pr\u00e9conise m\u00eame la mise en place d&rsquo;un <strong>imp\u00f4t minimal mondial ou national sur le patrimoine<\/strong> pour contrer efficacement les strat\u00e9gies d&rsquo;\u00e9vasion fiscale.<\/p>\n\n\n\n<p>Cette perspective est \u00e9tay\u00e9e par une \u00e9tude d&rsquo;Alternatives \u00c9conomiques mettant en lumi\u00e8re un aspect souvent n\u00e9glig\u00e9 : m\u00eame lorsque des contribuables fortun\u00e9s quittent la France, ils conservent g\u00e9n\u00e9ralement des biens immobiliers dans le pays. Ces biens restent soumis \u00e0 la fiscalit\u00e9 fran\u00e7aise, att\u00e9nuant ainsi l&rsquo;impact financier de leur d\u00e9part sur les finances publiques.<\/p>\n\n\n\n<p>En conclusion, alors que le gouvernement s&rsquo;efforce de r\u00e9tablir l&rsquo;\u00e9quilibre budg\u00e9taire, ce projet d&rsquo;imp\u00f4t cibl\u00e9 sur les plus riches semble correspondre aux attentes d&rsquo;une majorit\u00e9 de Fran\u00e7ais. Reste \u00e0 voir si sa mise en \u0153uvre permettra r\u00e9ellement de concilier justice fiscale et efficacit\u00e9 \u00e9conomique.<\/p>\n","protected":false},"excerpt":{"rendered":"<p>D&rsquo;apr\u00e8s un r\u00e9cent sondage r\u00e9alis\u00e9 par Odoxa, 64% des citoyens fran\u00e7ais jugent que leur niveau d&rsquo;imposition est excessif. Cette inqui\u00e9tude est renforc\u00e9e par une dette publique d\u00e9passant les 3 200 milliards d&rsquo;euros. Afin de r\u00e9duire ce d\u00e9ficit consid\u00e9rable, le gouvernement envisage la mise en place d&rsquo;une nouvelle mesure fiscale visant sp\u00e9cifiquement les m\u00e9nages les plus [&hellip;]<\/p>\n","protected":false},"author":1,"featured_media":655,"comment_status":"open","ping_status":"open","sticky":false,"template":"","format":"standard","meta":{"_seopress_robots_primary_cat":"","_seopress_titles_title":"","_seopress_titles_desc":"","_seopress_robots_index":"","footnotes":""},"categories":[16],"tags":[],"class_list":{"0":"post-654","1":"post","2":"type-post","3":"status-publish","4":"format-standard","5":"has-post-thumbnail","7":"category-business"},"_links":{"self":[{"href":"https:\/\/cuberg.net\/fr\/wp-json\/wp\/v2\/posts\/654","targetHints":{"allow":["GET"]}}],"collection":[{"href":"https:\/\/cuberg.net\/fr\/wp-json\/wp\/v2\/posts"}],"about":[{"href":"https:\/\/cuberg.net\/fr\/wp-json\/wp\/v2\/types\/post"}],"author":[{"embeddable":true,"href":"https:\/\/cuberg.net\/fr\/wp-json\/wp\/v2\/users\/1"}],"replies":[{"embeddable":true,"href":"https:\/\/cuberg.net\/fr\/wp-json\/wp\/v2\/comments?post=654"}],"version-history":[{"count":1,"href":"https:\/\/cuberg.net\/fr\/wp-json\/wp\/v2\/posts\/654\/revisions"}],"predecessor-version":[{"id":1082,"href":"https:\/\/cuberg.net\/fr\/wp-json\/wp\/v2\/posts\/654\/revisions\/1082"}],"wp:featuredmedia":[{"embeddable":true,"href":"https:\/\/cuberg.net\/fr\/wp-json\/wp\/v2\/media\/655"}],"wp:attachment":[{"href":"https:\/\/cuberg.net\/fr\/wp-json\/wp\/v2\/media?parent=654"}],"wp:term":[{"taxonomy":"category","embeddable":true,"href":"https:\/\/cuberg.net\/fr\/wp-json\/wp\/v2\/categories?post=654"},{"taxonomy":"post_tag","embeddable":true,"href":"https:\/\/cuberg.net\/fr\/wp-json\/wp\/v2\/tags?post=654"}],"curies":[{"name":"wp","href":"https:\/\/api.w.org\/{rel}","templated":true}]}}