{"id":680,"date":"2025-09-08T11:04:00","date_gmt":"2025-09-08T09:04:00","guid":{"rendered":"https:\/\/cuberg.net\/fr\/?p=680"},"modified":"2025-09-08T01:26:41","modified_gmt":"2025-09-07T23:26:41","slug":"logements-minuscules-le-conseil-detat-interdit-la-location-des-biens-avec-seulement-180-m-sous-plafond","status":"publish","type":"post","link":"https:\/\/cuberg.net\/fr\/logements-minuscules-le-conseil-detat-interdit-la-location-des-biens-avec-seulement-180-m-sous-plafond\/","title":{"rendered":"Logements minuscules : le Conseil d\u2019\u00c9tat interdit la location des biens avec seulement 1,80 m sous plafond"},"content":{"rendered":"<p>Le Conseil d&rsquo;\u00c9tat a r\u00e9cemment rendu une d\u00e9cision majeure concernant les <strong>crit\u00e8res minimums d&rsquo;habitabilit\u00e9<\/strong> des habitations en France. Cette instance administrative de haut niveau a partiellement invalid\u00e9 un d\u00e9cret controvers\u00e9 autorisant la location de <strong>logements atypiques avec une hauteur sous plafond de 1,80 m\u00e8tre seulement<\/strong>. Cette d\u00e9cision marque un changement important dans la lutte contre les conditions de logement inad\u00e9quates et soul\u00e8ve des questions essentielles sur les normes de vie acceptables dans notre soci\u00e9t\u00e9.<\/p>\n<h2>Remise en question d&rsquo;un d\u00e9cret contest\u00e9<\/h2>\n<p>En juillet 2023, le gouvernement avait assoupli les r\u00e8gles de location avec un d\u00e9cret permettant la mise sur le march\u00e9 de logements consid\u00e9r\u00e9s comme \u00ab\u00a0atypiques\u00a0\u00bb. Ce d\u00e9cret autorisait notamment la location de logements avec une hauteur sous plafond de seulement 1,80 m\u00e8tre, bien en dessous des standards habituels.<\/p>\n<p>Ce d\u00e9cret avait suscit\u00e9 imm\u00e9diatement <strong>de vives critiques de la part des associations de d\u00e9fense des locataires<\/strong>. Malgr\u00e9 l&rsquo;objectif affich\u00e9 d&rsquo;accro\u00eetre l&rsquo;offre de logements dans un contexte de p\u00e9nurie immobili\u00e8re, de nombreuses voix s&rsquo;\u00e9taient \u00e9lev\u00e9es contre une mesure qui risquait de l\u00e9gitimer des conditions de logement inacceptables.<\/p>\n<p>Le Conseil d&rsquo;\u00c9tat a relev\u00e9 en particulier <em>l&rsquo;absence de consultation pr\u00e9alable du Haut conseil de la sant\u00e9 publique<\/em>, une irr\u00e9gularit\u00e9 proc\u00e9durale majeure justifiant la suppression partielle du d\u00e9cret. Cette d\u00e9cision souligne l&rsquo;importance des processus consultatifs dans l&rsquo;\u00e9tablissement des normes li\u00e9es \u00e0 la sant\u00e9 publique.<\/p>\n<table>\n<tr>\n<th>\u00c9l\u00e9ment annul\u00e9<\/th>\n<th>Norme pr\u00e9c\u00e9dente<\/th>\n<th>Norme du d\u00e9cret contest\u00e9<\/th>\n<\/tr>\n<tr>\n<td>Hauteur sous plafond<\/td>\n<td>2,20 m<\/td>\n<td>1,80 m<\/td>\n<\/tr>\n<tr>\n<td>Surface minimale<\/td>\n<td>9 m\u00b2<\/td>\n<td>Maintenue<\/td>\n<\/tr>\n<tr>\n<td>Volume habitable<\/td>\n<td>20 m\u00b3<\/td>\n<td>Partiellement assoupli<\/td>\n<\/tr>\n<\/table>\n<h2>Une avanc\u00e9e pour la dignit\u00e9 des logements<\/h2>\n<p>Des associations telles que Droit au logement (DAL) ont salu\u00e9 cette d\u00e9cision comme une <strong>victoire significative contre les marchands de sommeil<\/strong>. Ces propri\u00e9taires peu scrupuleux exploitent souvent la vuln\u00e9rabilit\u00e9 de certaines populations en louant des logements ne respectant pas les normes minimales de salubrit\u00e9.<\/p>\n<p>Cependant, le DAL a exprim\u00e9 des regrets quant au maintien d&rsquo;autres dispositions probl\u00e9matiques du d\u00e9cret, notamment la possibilit\u00e9 de louer des logements avec des sanitaires situ\u00e9s \u00e0 une distance pouvant atteindre 30 m\u00e8tres. Ces conditions sont consid\u00e9r\u00e9es comme inacceptables par les d\u00e9fenseurs du droit au logement.<\/p>\n<p>Le Haut Comit\u00e9 pour le droit au logement avait alert\u00e9 d\u00e8s la publication du d\u00e9cret sur les risques de baisse des normes de salubrit\u00e9. Cette instance avait soulign\u00e9 que le d\u00e9cret pourrait compromettre la <em>lutte contre l&rsquo;habitat indigne et insalubre<\/em>, une priorit\u00e9 des politiques publiques r\u00e9centes.<\/p>\n<p>Les principales retomb\u00e9es de cette d\u00e9cision sont les suivantes :<\/p>\n<ul>\n<li>Renforcement des protections juridiques pour les locataires<\/li>\n<li>Clarification des normes minimums d&rsquo;habitabilit\u00e9<\/li>\n<li>Signal fort aux propri\u00e9taires concernant les exigences de dignit\u00e9<\/li>\n<li>R\u00e9affirmation du r\u00f4le des instances de sant\u00e9 publique dans l&rsquo;\u00e9tablissement des normes<\/li>\n<li>Appel \u00e0 une r\u00e9flexion \u00e9largie sur la qualit\u00e9 du parc locatif fran\u00e7ais<\/li>\n<\/ul>\n<h2>Vers une r\u00e9vision des crit\u00e8res de logement d\u00e9cent<\/h2>\n<p>Cette d\u00e9cision du Conseil d&rsquo;\u00c9tat pourrait marquer le d\u00e9but d&rsquo;une <strong>r\u00e9vision compl\u00e8te des crit\u00e8res d\u00e9finissant un logement digne et salubre<\/strong>. Elle soul\u00e8ve fondamentalement la question de l&rsquo;\u00e9quilibre entre l&rsquo;augmentation n\u00e9cessaire de l&rsquo;offre de logements et le respect des conditions de vie d\u00e9centes pour tous.<\/p>\n<p>L&rsquo;enjeu est maintenant de trouver des solutions novatrices pour r\u00e9soudre la crise du logement sans compromettre la qualit\u00e9 des habitations. Des pistes telles que la <em>conversion de bureaux en logements respectant des normes adapt\u00e9es<\/em> ou le d\u00e9veloppement de l&rsquo;habitat partag\u00e9 pourraient \u00eatre explor\u00e9es.<\/p>\n<p>Les associations de d\u00e9fense des locataires appellent \u00e0 une surveillance renforc\u00e9e de l&rsquo;application effective de cette d\u00e9cision sur le terrain. Elles soulignent l&rsquo;importance de renforcer les contr\u00f4les et les sanctions \u00e0 l&rsquo;encontre des propri\u00e9taires ne respectant pas ces normes minimums.<\/p>\n<p>La question des logements de petite taille et de leurs normes minimums s&rsquo;inscrit dans un d\u00e9bat plus large sur l&rsquo;acc\u00e8s au logement dans notre soci\u00e9t\u00e9. Trouver le juste \u00e9quilibre entre accessibilit\u00e9 et dignit\u00e9 demeure un d\u00e9fi majeur pour les politiques publiques \u00e0 venir.<\/p>\n","protected":false},"excerpt":{"rendered":"<p>Le Conseil d&rsquo;\u00c9tat a r\u00e9cemment rendu une d\u00e9cision majeure concernant les crit\u00e8res minimums d&rsquo;habitabilit\u00e9 des habitations en France. Cette instance administrative de haut niveau a partiellement invalid\u00e9 un d\u00e9cret controvers\u00e9 autorisant la location de logements atypiques avec une hauteur sous plafond de 1,80 m\u00e8tre seulement. Cette d\u00e9cision marque un changement important dans la lutte contre [&hellip;]<\/p>\n","protected":false},"author":1,"featured_media":681,"comment_status":"open","ping_status":"open","sticky":false,"template":"","format":"standard","meta":{"_seopress_robots_primary_cat":"","_seopress_titles_title":"","_seopress_titles_desc":"","_seopress_robots_index":"","footnotes":""},"categories":[12],"tags":[],"class_list":{"0":"post-680","1":"post","2":"type-post","3":"status-publish","4":"format-standard","5":"has-post-thumbnail","7":"category-loisirs"},"_links":{"self":[{"href":"https:\/\/cuberg.net\/fr\/wp-json\/wp\/v2\/posts\/680","targetHints":{"allow":["GET"]}}],"collection":[{"href":"https:\/\/cuberg.net\/fr\/wp-json\/wp\/v2\/posts"}],"about":[{"href":"https:\/\/cuberg.net\/fr\/wp-json\/wp\/v2\/types\/post"}],"author":[{"embeddable":true,"href":"https:\/\/cuberg.net\/fr\/wp-json\/wp\/v2\/users\/1"}],"replies":[{"embeddable":true,"href":"https:\/\/cuberg.net\/fr\/wp-json\/wp\/v2\/comments?post=680"}],"version-history":[{"count":1,"href":"https:\/\/cuberg.net\/fr\/wp-json\/wp\/v2\/posts\/680\/revisions"}],"predecessor-version":[{"id":1149,"href":"https:\/\/cuberg.net\/fr\/wp-json\/wp\/v2\/posts\/680\/revisions\/1149"}],"wp:featuredmedia":[{"embeddable":true,"href":"https:\/\/cuberg.net\/fr\/wp-json\/wp\/v2\/media\/681"}],"wp:attachment":[{"href":"https:\/\/cuberg.net\/fr\/wp-json\/wp\/v2\/media?parent=680"}],"wp:term":[{"taxonomy":"category","embeddable":true,"href":"https:\/\/cuberg.net\/fr\/wp-json\/wp\/v2\/categories?post=680"},{"taxonomy":"post_tag","embeddable":true,"href":"https:\/\/cuberg.net\/fr\/wp-json\/wp\/v2\/tags?post=680"}],"curies":[{"name":"wp","href":"https:\/\/api.w.org\/{rel}","templated":true}]}}