{"id":710,"date":"2025-08-25T09:36:00","date_gmt":"2025-08-25T07:36:00","guid":{"rendered":"https:\/\/cuberg.net\/fr\/?p=710"},"modified":"2025-08-24T20:32:41","modified_gmt":"2025-08-24T18:32:41","slug":"jai-cru-bien-faire-elle-inscrit-sa-fille-4-ans-dans-une-ecole-montessori-aujourdhui-elle-doit-la-remettre-a-niveau-en-urgence","status":"publish","type":"post","link":"https:\/\/cuberg.net\/fr\/jai-cru-bien-faire-elle-inscrit-sa-fille-4-ans-dans-une-ecole-montessori-aujourdhui-elle-doit-la-remettre-a-niveau-en-urgence\/","title":{"rendered":"\u00ab\u00a0J\u2019ai cru bien faire\u00a0\u00bb : elle inscrit sa fille 4 ans dans une \u00e9cole Montessori, aujourd\u2019hui elle doit la remettre \u00e0 niveau en urgence"},"content":{"rendered":"<p>Le cheminement \u00e9ducatif d&rsquo;une famille a r\u00e9cemment suscit\u00e9 l&rsquo;int\u00e9r\u00eat de nombreux parents se trouvant face au dilemme entre p\u00e9dagogie alternative et enseignement conventionnel. Apr\u00e8s quatre ann\u00e9es pass\u00e9es dans une \u00e9cole Montessori, une m\u00e8re s&rsquo;est confront\u00e9e \u00e0 un d\u00e9fi inattendu : combler rapidement les lacunes acad\u00e9miques de sa fille pour assurer son adaptation au syst\u00e8me traditionnel.<\/p>\n<h2>Le contraste entre l&rsquo;id\u00e9al Montessori et la r\u00e9alit\u00e9 \u00e9ducative<\/h2>\n<p>La m\u00e9thode Montessori attire de nombreux parents en promettant un apprentissage respectueux du rythme de chaque enfant. Pour cette m\u00e8re, les valeurs d&rsquo;autonomie et de d\u00e9veloppement naturel \u00e9taient une \u00e9vidence. Les premi\u00e8res ann\u00e9es pass\u00e9es en maternelle Montessori semblaient confirmer ce choix, avec une petite fille \u00e9panouie et curieuse.<\/p>\n<p>Cependant, des signes r\u00e9v\u00e9lateurs ont \u00e9merg\u00e9 progressivement. La difficult\u00e9 \u00e0 apprendre \u00e0 lire, ma\u00eetris\u00e9e seulement en fin de CP, a \u00e9t\u00e9 le premier indicateur d&rsquo;un possible d\u00e9calage. Les comp\u00e9tences de base en orthographe et en calcul semblaient moins avanc\u00e9es que celles des enfants du m\u00eame \u00e2ge fr\u00e9quentant l&rsquo;\u00e9cole traditionnelle.<\/p>\n<p>En France, la plupart des \u00e9coles Montessori fonctionnent en dehors du cadre de l&rsquo;\u00c9ducation nationale. Cette libert\u00e9 p\u00e9dagogique a pos\u00e9 probl\u00e8me pour diverses raisons :<\/p>\n<ul>\n<li>\u00c9valuations des acquis peu fr\u00e9quentes<\/li>\n<li>Manque de transparence sur les progressions p\u00e9dagogiques<\/li>\n<li>Exercices limit\u00e9s en grammaire et math\u00e9matiques<\/li>\n<li>Communication parfois floue avec les parents inquiets<\/li>\n<\/ul>\n<p>Le co\u00fbt annuel \u00e9lev\u00e9, variant entre 5000 et 8000 euros, ajoutait une pression suppl\u00e9mentaire en termes de r\u00e9sultats attendus. La conciliation entre l&rsquo;innovation p\u00e9dagogique et l&rsquo;acquisition des connaissances fondamentales \u00e9tait remise en question par cette m\u00e8re attentive.<\/p>\n<h2>Transition d\u00e9licate vers l&rsquo;enseignement conventionnel<\/h2>\n<p>L&rsquo;adaptation au syst\u00e8me scolaire classique a repr\u00e9sent\u00e9 un v\u00e9ritable changement pour l&rsquo;enfant habitu\u00e9e \u00e0 choisir ses activit\u00e9s et \u00e0 travailler \u00e0 son rythme. Le cadre structur\u00e9, les \u00e9valuations fr\u00e9quentes et le rythme soutenu ont constitu\u00e9 un contraste marqu\u00e9 par rapport \u00e0 l&rsquo;approche Montessori.<\/p>\n<p>Les lacunes acad\u00e9miques sont devenues \u00e9videntes face aux exigences du programme national. Le manque de bases en orthographe, grammaire et math\u00e9matiques risquait de mener \u00e0 un d\u00e9crochage scolaire sans intervention rapide. Apr\u00e8s une p\u00e9riode d&rsquo;adaptation difficile, la fillette a retrouv\u00e9 une certaine confiance gr\u00e2ce aux rep\u00e8res clairs et \u00e0 la progression mesurable offerts par l&rsquo;\u00e9cole traditionnelle.<\/p>\n<table border=\"1\">\n<tr>\n<th>Domaine<\/th>\n<th>Difficult\u00e9s observ\u00e9es<\/th>\n<th>Points forts pr\u00e9serv\u00e9s<\/th>\n<\/tr>\n<tr>\n<td>Fran\u00e7ais<\/td>\n<td>Dict\u00e9es, grammaire, orthographe<\/td>\n<td>Cr\u00e9ativit\u00e9, expression orale<\/td>\n<\/tr>\n<tr>\n<td>Math\u00e9matiques<\/td>\n<td>Calculs de base, r\u00e9solution de probl\u00e8mes<\/td>\n<td>Logique, repr\u00e9sentation spatiale<\/td>\n<\/tr>\n<tr>\n<td>M\u00e9thodes<\/td>\n<td>Gestion du temps, organisation<\/td>\n<td>Autonomie, prise d&rsquo;initiative<\/td>\n<\/tr>\n<\/table>\n<p>Face \u00e0 ces d\u00e9fis persistants, le recours \u00e0 un soutien personnalis\u00e9 est devenu indispensable. Un enseignant exp\u00e9riment\u00e9 a mis en place un programme sur mesure pour combler progressivement les lacunes identifi\u00e9es, tout en mettant en valeur les qualit\u00e9s d\u00e9velopp\u00e9es dans l&rsquo;environnement Montessori.<\/p>\n<h2>Vers une approche \u00e9ducative \u00e9quilibr\u00e9e<\/h2>\n<p>Cette exp\u00e9rience a amen\u00e9 cette m\u00e8re \u00e0 reconsid\u00e9rer sa vision de l&rsquo;\u00e9ducation id\u00e9ale. Ni la m\u00e9thode Montessori ni l&rsquo;\u00e9cole traditionnelle ne repr\u00e9sentent une solution parfaite en soi. Chaque approche poss\u00e8de ses avantages et ses limites, qui correspondent diff\u00e9remment aux besoins sp\u00e9cifiques de chaque enfant.<\/p>\n<p>Apr\u00e8s plusieurs mois d&rsquo;accompagnement intensif, les progr\u00e8s observ\u00e9s chez la fillette sont encourageants. Les r\u00e9sultats s&rsquo;am\u00e9liorent progressivement, la confiance revient et l&rsquo;enfant trouve peu \u00e0 peu sa place dans son nouvel environnement scolaire.<\/p>\n<p>Cette transition d\u00e9licate souligne l&rsquo;importance d&rsquo;une surveillance parentale constante, quel que soit le choix p\u00e9dagogique. L&rsquo;\u00e9valuation r\u00e9guli\u00e8re des progr\u00e8s et le dialogue ouvert avec les \u00e9ducateurs restent essentiels pour garantir un parcours \u00e9ducatif \u00e9quilibr\u00e9 pr\u00e9parant r\u00e9ellement les enfants aux d\u00e9fis \u00e0 venir.<\/p>\n<p>Pour les parents confront\u00e9s \u00e0 ce dilemme \u00e9ducatif complexe, il est crucial de maintenir un regard critique sur le d\u00e9veloppement acad\u00e9mique de leur enfant, tout en pr\u00e9servant les valeurs d&rsquo;\u00e9panouissement personnel ch\u00e8res \u00e0 la philosophie Montessori.<\/p>\n","protected":false},"excerpt":{"rendered":"<p>Le cheminement \u00e9ducatif d&rsquo;une famille a r\u00e9cemment suscit\u00e9 l&rsquo;int\u00e9r\u00eat de nombreux parents se trouvant face au dilemme entre p\u00e9dagogie alternative et enseignement conventionnel. Apr\u00e8s quatre ann\u00e9es pass\u00e9es dans une \u00e9cole Montessori, une m\u00e8re s&rsquo;est confront\u00e9e \u00e0 un d\u00e9fi inattendu : combler rapidement les lacunes acad\u00e9miques de sa fille pour assurer son adaptation au syst\u00e8me traditionnel. [&hellip;]<\/p>\n","protected":false},"author":1,"featured_media":711,"comment_status":"open","ping_status":"open","sticky":false,"template":"","format":"standard","meta":{"_seopress_robots_primary_cat":"","_seopress_titles_title":"","_seopress_titles_desc":"","_seopress_robots_index":"","footnotes":""},"categories":[8],"tags":[],"class_list":{"0":"post-710","1":"post","2":"type-post","3":"status-publish","4":"format-standard","5":"has-post-thumbnail","7":"category-consommation"},"_links":{"self":[{"href":"https:\/\/cuberg.net\/fr\/wp-json\/wp\/v2\/posts\/710","targetHints":{"allow":["GET"]}}],"collection":[{"href":"https:\/\/cuberg.net\/fr\/wp-json\/wp\/v2\/posts"}],"about":[{"href":"https:\/\/cuberg.net\/fr\/wp-json\/wp\/v2\/types\/post"}],"author":[{"embeddable":true,"href":"https:\/\/cuberg.net\/fr\/wp-json\/wp\/v2\/users\/1"}],"replies":[{"embeddable":true,"href":"https:\/\/cuberg.net\/fr\/wp-json\/wp\/v2\/comments?post=710"}],"version-history":[{"count":1,"href":"https:\/\/cuberg.net\/fr\/wp-json\/wp\/v2\/posts\/710\/revisions"}],"predecessor-version":[{"id":997,"href":"https:\/\/cuberg.net\/fr\/wp-json\/wp\/v2\/posts\/710\/revisions\/997"}],"wp:featuredmedia":[{"embeddable":true,"href":"https:\/\/cuberg.net\/fr\/wp-json\/wp\/v2\/media\/711"}],"wp:attachment":[{"href":"https:\/\/cuberg.net\/fr\/wp-json\/wp\/v2\/media?parent=710"}],"wp:term":[{"taxonomy":"category","embeddable":true,"href":"https:\/\/cuberg.net\/fr\/wp-json\/wp\/v2\/categories?post=710"},{"taxonomy":"post_tag","embeddable":true,"href":"https:\/\/cuberg.net\/fr\/wp-json\/wp\/v2\/tags?post=710"}],"curies":[{"name":"wp","href":"https:\/\/api.w.org\/{rel}","templated":true}]}}