{"id":726,"date":"2025-08-30T09:39:00","date_gmt":"2025-08-30T07:39:00","guid":{"rendered":"https:\/\/cuberg.net\/fr\/?p=726"},"modified":"2025-08-29T19:59:46","modified_gmt":"2025-08-29T17:59:46","slug":"abandonne-a-la-naissance-il-devient-star-du-football-aujourdhui-millionnaire-ses-parents-lui-reclament-de-largent-2","status":"publish","type":"post","link":"https:\/\/cuberg.net\/fr\/abandonne-a-la-naissance-il-devient-star-du-football-aujourdhui-millionnaire-ses-parents-lui-reclament-de-largent-2\/","title":{"rendered":"Abandonn\u00e9 \u00e0 la naissance, il devient star du football : aujourd\u2019hui millionnaire, ses parents lui r\u00e9clament de l\u2019argent"},"content":{"rendered":"\n<p>L&rsquo;histoire de Lucas P\u00e9rez est marqu\u00e9e par un parcours exceptionnel, allant de l&rsquo;abandon initial \u00e0 la gloire sportive. \u00c0 36 ans, ce footballeur espagnol traverse des \u00e9preuves familiales poignantes, illustrant les revers inattendus du succ\u00e8s dans le monde du sport.<\/p>\n\n\n\n<h2 class=\"wp-block-heading\">Du foyer d&rsquo;accueil aux terrains prestigieux<\/h2>\n\n\n\n<p>Lucas P\u00e9rez commence sa vie dans des circonstances difficiles, abandonn\u00e9 par ses parents biologiques \u00e0 l&rsquo;\u00e2ge de deux ans. Plac\u00e9 \u00e0 la \u00ab Casa Cuna \u00bb, un \u00e9tablissement pour enfants sans protection parentale, il trouve refuge chez ses grands-parents paternels qui d\u00e9cident de l&rsquo;accueillir.<\/p>\n\n\n\n<p>Les grands-parents de Lucas lui offrent l&rsquo;amour et la protection n\u00e9cessaires \u00e0 son \u00e9panouissement. Cette enfance atypique forge en lui une r\u00e9silience exceptionnelle, faisant du football son refuge \u00e9motionnel.<\/p>\n\n\n\n<p>Son ascension sportive le m\u00e8ne aux sommets du football europ\u00e9en, notamment avec son transfert \u00e0 Arsenal qui marque un tournant majeur sur le plan sportif et financier. Cette r\u00e9ussite attire cependant des int\u00e9r\u00eats inattendus en raison de sa nouvelle aisance \u00e9conomique.<\/p>\n\n\n\n<h2 class=\"wp-block-heading\">Quand le succ\u00e8s financier r\u00e9veille le pass\u00e9<\/h2>\n\n\n\n<p>\u00c0 l&rsquo;apog\u00e9e de sa carri\u00e8re, Lucas P\u00e9rez est confront\u00e9 \u00e0 un \u00e9v\u00e9nement troublant : la r\u00e9apparition de ses parents biologiques qui revendiquent une part du succ\u00e8s qu&rsquo;ils n&rsquo;ont pas contribu\u00e9 \u00e0 construire. Ce retour inattendu, motiv\u00e9 par des int\u00e9r\u00eats financiers, souligne l&rsquo;ironie de la situation.<\/p>\n\n\n\n<p>Son p\u00e8re biologique r\u00e9appara\u00eet \u00e0 plusieurs reprises dans sa vie, toujours dans un contexte financier. Ces demandes d&rsquo;argent r\u00e9v\u00e8lent une relation parentale bas\u00e9e uniquement sur des int\u00e9r\u00eats mat\u00e9riels.<\/p>\n\n\n\n<figure class=\"wp-block-table\"><table class=\"has-fixed-layout\"><tbody><tr><th>Phase de vie<\/th><th>\u00c9v\u00e9nement<\/th><th>Impact sur le joueur<\/th><\/tr><tr><td>Petite enfance<\/td><td>Abandon \u00e0 la Casa Cuna<\/td><td>D\u00e9veloppement d&rsquo;une r\u00e9silience pr\u00e9coce<\/td><\/tr><tr><td>2016-2018<\/td><td>Succ\u00e8s \u00e0 Arsenal<\/td><td>Premi\u00e8re demande financi\u00e8re maternelle<\/td><\/tr><tr><td>Janvier 2025<\/td><td>Plainte formelle paternelle<\/td><td>D\u00e9part pr\u00e9cipit\u00e9 du Deportivo La Corogne<\/td><\/tr><\/tbody><\/table><\/figure>\n\n\n\n<h2 class=\"wp-block-heading\">Les d\u00e9fis psychologiques face aux pressions familiales<\/h2>\n\n\n\n<p>Une plainte formelle de son p\u00e8re contre lui, exigeant un soutien financier \u00e0 vie, pousse Lucas P\u00e9rez \u00e0 quitter pr\u00e9cipitamment le Deportivo La Corogne. Ce d\u00e9part soudain, motiv\u00e9 par des pressions familiales intenses et un sentiment d&rsquo;isolement, a surpris les supporters du club galicien.<\/p>\n\n\n\n<p>Apr\u00e8s une p\u00e9riode de reconstruction personnelle, Lucas P\u00e9rez rejoint le PSV Eindhoven, offrant ainsi une nouvelle perspective \u00e0 sa carri\u00e8re loin des influences n\u00e9gatives.<\/p>\n\n\n\n<p>Son courage et sa force de caract\u00e8re se manifestent \u00e0 travers sa capacit\u00e9 \u00e0 surmonter l&rsquo;abandon initial, \u00e0 utiliser le football comme \u00e9chappatoire, \u00e0 prendre des d\u00e9cisions difficiles et \u00e0 partager publiquement son histoire personnelle difficile.<\/p>\n\n\n\n<p>L&rsquo;histoire de Lucas P\u00e9rez met en lumi\u00e8re les drames personnels cach\u00e9s derri\u00e8re les succ\u00e8s sportifs, ainsi que la vuln\u00e9rabilit\u00e9 des athl\u00e8tes face aux pressions familiales et financi\u00e8res, m\u00eame au plus haut niveau professionnel.<\/p>\n","protected":false},"excerpt":{"rendered":"<p>L&rsquo;histoire de Lucas P\u00e9rez est marqu\u00e9e par un parcours exceptionnel, allant de l&rsquo;abandon initial \u00e0 la gloire sportive. \u00c0 36 ans, ce footballeur espagnol traverse des \u00e9preuves familiales poignantes, illustrant les revers inattendus du succ\u00e8s dans le monde du sport. Du foyer d&rsquo;accueil aux terrains prestigieux Lucas P\u00e9rez commence sa vie dans des circonstances difficiles, [&hellip;]<\/p>\n","protected":false},"author":1,"featured_media":727,"comment_status":"open","ping_status":"open","sticky":false,"template":"","format":"standard","meta":{"_seopress_robots_primary_cat":"","_seopress_titles_title":"","_seopress_titles_desc":"","_seopress_robots_index":"","footnotes":""},"categories":[7],"tags":[],"class_list":{"0":"post-726","1":"post","2":"type-post","3":"status-publish","4":"format-standard","5":"has-post-thumbnail","7":"category-societe"},"_links":{"self":[{"href":"https:\/\/cuberg.net\/fr\/wp-json\/wp\/v2\/posts\/726","targetHints":{"allow":["GET"]}}],"collection":[{"href":"https:\/\/cuberg.net\/fr\/wp-json\/wp\/v2\/posts"}],"about":[{"href":"https:\/\/cuberg.net\/fr\/wp-json\/wp\/v2\/types\/post"}],"author":[{"embeddable":true,"href":"https:\/\/cuberg.net\/fr\/wp-json\/wp\/v2\/users\/1"}],"replies":[{"embeddable":true,"href":"https:\/\/cuberg.net\/fr\/wp-json\/wp\/v2\/comments?post=726"}],"version-history":[{"count":1,"href":"https:\/\/cuberg.net\/fr\/wp-json\/wp\/v2\/posts\/726\/revisions"}],"predecessor-version":[{"id":1055,"href":"https:\/\/cuberg.net\/fr\/wp-json\/wp\/v2\/posts\/726\/revisions\/1055"}],"wp:featuredmedia":[{"embeddable":true,"href":"https:\/\/cuberg.net\/fr\/wp-json\/wp\/v2\/media\/727"}],"wp:attachment":[{"href":"https:\/\/cuberg.net\/fr\/wp-json\/wp\/v2\/media?parent=726"}],"wp:term":[{"taxonomy":"category","embeddable":true,"href":"https:\/\/cuberg.net\/fr\/wp-json\/wp\/v2\/categories?post=726"},{"taxonomy":"post_tag","embeddable":true,"href":"https:\/\/cuberg.net\/fr\/wp-json\/wp\/v2\/tags?post=726"}],"curies":[{"name":"wp","href":"https:\/\/api.w.org\/{rel}","templated":true}]}}