{"id":797,"date":"2025-08-24T09:38:00","date_gmt":"2025-08-24T07:38:00","guid":{"rendered":"https:\/\/cuberg.net\/fr\/?p=797"},"modified":"2025-08-22T12:08:50","modified_gmt":"2025-08-22T10:08:50","slug":"canicule-en-location-cest-inhumain-on-paie-un-loyer-pour-vivre-dans-un-four-la-nouvelle-bataille-des-locataires-pour-un-logement-decent-en-ete","status":"publish","type":"post","link":"https:\/\/cuberg.net\/fr\/canicule-en-location-cest-inhumain-on-paie-un-loyer-pour-vivre-dans-un-four-la-nouvelle-bataille-des-locataires-pour-un-logement-decent-en-ete\/","title":{"rendered":"Canicule en location : \u00ab C\u2019est inhumain, on paie un loyer pour vivre dans un four ! \u00bb, la nouvelle bataille des locataires pour un logement d\u00e9cent en \u00e9t\u00e9"},"content":{"rendered":"<p>Les p\u00e9riodes de fortes chaleurs estivales peuvent rendre les habitations insupportablement chaudes, surtout pour les locataires payant des loyers \u00e9lev\u00e9s. Heureusement, la l\u00e9gislation \u00e9volue pour prot\u00e9ger les occupants contre ces conditions de vie difficiles. D\u00e9couvrons les recours l\u00e9gaux et les actions concr\u00e8tes pour faire respecter le droit \u00e0 un logement d\u00e9cent pendant les canicules.<\/p>\n<h2>La reconnaissance l\u00e9gale du confort thermique estival dans les logements<\/h2>\n<p>Pendant longtemps, la notion de logement d\u00e9cent se concentrait principalement sur la protection contre le froid, en mentionnant l&rsquo;a\u00e9ration et l&rsquo;isolation thermique. Cependant, les probl\u00e8mes li\u00e9s \u00e0 la chaleur excessive \u00e9taient ignor\u00e9s. C&rsquo;est d\u00e9sormais corrig\u00e9 avec l&rsquo;introduction du concept de d\u00e9cence \u00e9nerg\u00e9tique par la <strong>Loi Climat et R\u00e9silience de 2021<\/strong>.<\/p>\n<p>Cette avanc\u00e9e l\u00e9gislative marque un changement important. Les logements mal isol\u00e9s ne sont plus seulement consid\u00e9r\u00e9s comme des \u00ab\u00a0glaci\u00e8res en hiver\u00a0\u00bb, mais aussi comme des \u00ab\u00a0fournaises en \u00e9t\u00e9\u00a0\u00bb. Enfin, le l\u00e9gislateur reconna\u00eet que <strong>les temp\u00e9ratures estivales extr\u00eames sont un enjeu de sant\u00e9 publique<\/strong> dans les habitations.<\/p>\n<p>Le d\u00e9ploiement de cette loi se fait progressivement mais de mani\u00e8re significative :<\/p>\n<ul>\n<li>Depuis janvier 2023, un logement d\u00e9passant 450 kWh\/m\u00b2\/an est jug\u00e9 ind\u00e9cent<\/li>\n<li>Depuis janvier 2025, tous les logements class\u00e9s G sont automatiquement consid\u00e9r\u00e9s ind\u00e9cents<\/li>\n<li>\u00c0 partir de 2028, les logements class\u00e9s F rejoindront cette cat\u00e9gorie<\/li>\n<\/ul>\n<p>Cette \u00e9volution l\u00e9gislative refl\u00e8te une prise de conscience : avec le changement climatique, <em>la protection contre les canicules est aussi cruciale que celle contre le froid hivernal<\/em>. Il ne s&rsquo;agit plus seulement de confort, mais de dignit\u00e9 humaine.<\/p>\n<h2>Le diagnostic de performance \u00e9nerg\u00e9tique comme outil juridique<\/h2>\n<p>Le Diagnostic de Performance Energ\u00e9tique (DPE) n&rsquo;est plus simplement un document administratif. Depuis 2021, il est <strong>juridiquement opposable<\/strong>, passant d&rsquo;une simple information \u00e0 un outil l\u00e9gal pour les locataires.<\/p>\n<p>En pratique, un DPE d\u00e9favorable r\u00e9v\u00e8le souvent des probl\u00e8mes structurels tels que des combles non isol\u00e9s, des murs en b\u00e9ton sans isolation, une ventilation insuffisante, expliquant pourquoi certains logements deviennent invivables en p\u00e9riode de chaleur.<\/p>\n<table border=\"1\">\n<tr>\n<th>Classe DPE<\/th>\n<th>Statut en 2025<\/th>\n<th>Implications pour le locataire<\/th>\n<\/tr>\n<tr>\n<td>G<\/td>\n<td>Logement ind\u00e9cent<\/td>\n<td>Droit d&rsquo;exiger des travaux ou une r\u00e9duction de loyer<\/td>\n<\/tr>\n<tr>\n<td>F<\/td>\n<td>Bient\u00f4t ind\u00e9cent (2028)<\/td>\n<td>Arguments pour n\u00e9gocier des am\u00e9liorations<\/td>\n<\/tr>\n<tr>\n<td>E et mieux<\/td>\n<td>D\u00e9cent selon les crit\u00e8res actuels<\/td>\n<td>Protection minimale contre les temp\u00e9ratures extr\u00eames<\/td>\n<\/tr>\n<\/table>\n<p>Pour les locataires, <em>ce changement de statut juridique du DPE repr\u00e9sente une avanc\u00e9e majeure<\/em>. Il ne s&rsquo;agit plus seulement d&rsquo;un indicateur de confort, mais d&rsquo;une preuve concr\u00e8te pour entamer des d\u00e9marches l\u00e9gales.<\/p>\n<h2>Strat\u00e9gies efficaces pour contraindre un propri\u00e9taire \u00e0 agir<\/h2>\n<p>Face \u00e0 un logement surchauff\u00e9 en \u00e9t\u00e9, plusieurs approches peuvent \u00eatre envisag\u00e9es, de la plus conciliante \u00e0 la plus contraignante. Voici une strat\u00e9gie en quatre \u00e9tapes pour faire valoir vos droits :<\/p>\n<ol>\n<li><strong>L&rsquo;approche amiable document\u00e9e<\/strong> : Contactez votre propri\u00e9taire avec des arguments pr\u00e9cis (DPE, r\u00e9f\u00e9rences l\u00e9gales) et proposez un plan de travaux<\/li>\n<li><strong>La mise en demeure formelle<\/strong> : Envoyez une lettre recommand\u00e9e avec accus\u00e9 de r\u00e9ception mentionnant les textes de loi applicables<\/li>\n<li><strong>La m\u00e9diation via la Commission d\u00e9partementale de conciliation<\/strong> : Cette \u00e9tape gratuite et relativement rapide peut \u00e9viter un recours en justice<\/li>\n<li><strong>La saisine du juge des contentieux de la protection<\/strong> : Cette d\u00e9marche peut conduire \u00e0 des travaux obligatoires ou \u00e0 une r\u00e9duction de loyer<\/li>\n<\/ol>\n<p>L&rsquo;efficacit\u00e9 de ces d\u00e9marches d\u00e9pend de la qualit\u00e9 de la documentation rassembl\u00e9e. <em>Photos thermiques, relev\u00e9s de temp\u00e9rature, t\u00e9moignages m\u00e9dicaux en cas de malaise<\/em> d\u00fb \u00e0 la chaleur renforceront consid\u00e9rablement votre dossier.<\/p>\n<h2>Vers la reconnaissance d&rsquo;un droit fondamental au confort thermique<\/h2>\n<p>La lutte pour un logement supportable en p\u00e9riode de canicule s&rsquo;inscrit dans une \u00e9volution plus large de notre conception du logement d\u00e9cent. Les conditions estivales ne sont plus rel\u00e9gu\u00e9es au second plan par rapport aux probl\u00e9matiques hivernales.<\/p>\n<p><strong>Les associations de d\u00e9fense des locataires jouent un r\u00f4le crucial<\/strong> en accompagnant les d\u00e9marches individuelles et en plaidant pour des am\u00e9liorations l\u00e9gislatives. Leur expertise peut \u00eatre pr\u00e9cieuse pour les locataires confront\u00e9s \u00e0 des propri\u00e9taires r\u00e9ticents.<\/p>\n<p>La jurisprudence \u00e9volue \u00e9galement favorablement. Des d\u00e9cisions r\u00e9centes reconnaissent que <em>vivre dans un logement surchauff\u00e9 porte atteinte \u00e0 la dignit\u00e9<\/em> et justifie des mesures correctives imm\u00e9diates.<\/p>\n<p>Cette nouvelle r\u00e9alit\u00e9 juridique transforme progressivement le paysage immobilier fran\u00e7ais. Les propri\u00e9taires sont d\u00e9sormais encourag\u00e9s \u00e0 anticiper les r\u00e9novations \u00e9nerg\u00e9tiques, non seulement pour le confort hivernal mais aussi pour assurer des conditions de vie acceptables en p\u00e9riode de forte chaleur.<\/p>\n","protected":false},"excerpt":{"rendered":"<p>Les p\u00e9riodes de fortes chaleurs estivales peuvent rendre les habitations insupportablement chaudes, surtout pour les locataires payant des loyers \u00e9lev\u00e9s. Heureusement, la l\u00e9gislation \u00e9volue pour prot\u00e9ger les occupants contre ces conditions de vie difficiles. D\u00e9couvrons les recours l\u00e9gaux et les actions concr\u00e8tes pour faire respecter le droit \u00e0 un logement d\u00e9cent pendant les canicules. La [&hellip;]<\/p>\n","protected":false},"author":1,"featured_media":798,"comment_status":"open","ping_status":"open","sticky":false,"template":"","format":"standard","meta":{"_seopress_robots_primary_cat":"","_seopress_titles_title":"","_seopress_titles_desc":"","_seopress_robots_index":"","footnotes":""},"categories":[12],"tags":[],"class_list":{"0":"post-797","1":"post","2":"type-post","3":"status-publish","4":"format-standard","5":"has-post-thumbnail","7":"category-loisirs"},"_links":{"self":[{"href":"https:\/\/cuberg.net\/fr\/wp-json\/wp\/v2\/posts\/797","targetHints":{"allow":["GET"]}}],"collection":[{"href":"https:\/\/cuberg.net\/fr\/wp-json\/wp\/v2\/posts"}],"about":[{"href":"https:\/\/cuberg.net\/fr\/wp-json\/wp\/v2\/types\/post"}],"author":[{"embeddable":true,"href":"https:\/\/cuberg.net\/fr\/wp-json\/wp\/v2\/users\/1"}],"replies":[{"embeddable":true,"href":"https:\/\/cuberg.net\/fr\/wp-json\/wp\/v2\/comments?post=797"}],"version-history":[{"count":1,"href":"https:\/\/cuberg.net\/fr\/wp-json\/wp\/v2\/posts\/797\/revisions"}],"predecessor-version":[{"id":977,"href":"https:\/\/cuberg.net\/fr\/wp-json\/wp\/v2\/posts\/797\/revisions\/977"}],"wp:featuredmedia":[{"embeddable":true,"href":"https:\/\/cuberg.net\/fr\/wp-json\/wp\/v2\/media\/798"}],"wp:attachment":[{"href":"https:\/\/cuberg.net\/fr\/wp-json\/wp\/v2\/media?parent=797"}],"wp:term":[{"taxonomy":"category","embeddable":true,"href":"https:\/\/cuberg.net\/fr\/wp-json\/wp\/v2\/categories?post=797"},{"taxonomy":"post_tag","embeddable":true,"href":"https:\/\/cuberg.net\/fr\/wp-json\/wp\/v2\/tags?post=797"}],"curies":[{"name":"wp","href":"https:\/\/api.w.org\/{rel}","templated":true}]}}