{"id":825,"date":"2025-08-25T11:07:00","date_gmt":"2025-08-25T09:07:00","guid":{"rendered":"https:\/\/cuberg.net\/fr\/?p=825"},"modified":"2025-08-24T20:32:41","modified_gmt":"2025-08-24T18:32:41","slug":"persuades-davoir-reussi-leurs-examens-des-etudiants-fetent-leur-diplome-jusquau-bout-de-la-nuit-ils-etaient-en-fait-recales","status":"publish","type":"post","link":"https:\/\/cuberg.net\/fr\/persuades-davoir-reussi-leurs-examens-des-etudiants-fetent-leur-diplome-jusquau-bout-de-la-nuit-ils-etaient-en-fait-recales\/","title":{"rendered":"Persuad\u00e9s d&rsquo;avoir r\u00e9ussi leurs examens, des \u00e9tudiants f\u00eatent leur dipl\u00f4me jusqu&rsquo;au bout de la nuit, ils \u00e9taient en fait recal\u00e9s"},"content":{"rendered":"\n<p>La nuit du 4 au 5 juin 2025 restera grav\u00e9e dans la m\u00e9moire de nombreux \u00e9tudiants en comptabilit\u00e9 de Bellinzone. Ce qui devait marquer le d\u00e9but d&rsquo;une nouvelle \u00e9tape de leur vie s&rsquo;est transform\u00e9 en <strong>situation administrative embarrassante<\/strong>. Alors qu&rsquo;ils pensaient avoir obtenu leur dipl\u00f4me, plusieurs dizaines d&rsquo;entre eux ont d\u00e9couvert le lendemain qu&rsquo;ils avaient en r\u00e9alit\u00e9 \u00e9chou\u00e9 \u00e0 leurs examens.<\/p>\n\n\n\n<h2 class=\"wp-block-heading\">Quand l&rsquo;enthousiasme vire \u00e0 la d\u00e9ception<\/h2>\n\n\n\n<p>Les festivit\u00e9s de fin d&rsquo;ann\u00e9e sont g\u00e9n\u00e9ralement synonymes de joie et de soulagement pour les \u00e9tudiants. Pour ces \u00e9tudiants suisses, la c\u00e9l\u00e9bration s&rsquo;est transform\u00e9e en amertume. Tout a commenc\u00e9 par <strong>une absence de communication administrative mal interpr\u00e9t\u00e9e<\/strong>. Le mercredi 4 juin, aucun message d&rsquo;\u00e9chec n&rsquo;a \u00e9t\u00e9 envoy\u00e9 aux candidats, ce qui a d\u00e9vi\u00e9 de la proc\u00e9dure habituelle.<\/p>\n\n\n\n<p>En l&rsquo;absence de mauvaises nouvelles, les \u00e9tudiants ont logiquement conclu qu&rsquo;ils avaient r\u00e9ussi. Cette interpr\u00e9tation les a amen\u00e9s \u00e0 organiser une <i>soir\u00e9e de c\u00e9l\u00e9bration m\u00e9morable<\/i>, pensant f\u00eater leur succ\u00e8s acad\u00e9mique.<\/p>\n\n\n\n<p>Certains ont partag\u00e9 la bonne nouvelle avec leur entourage et leurs futurs employeurs. Les bouteilles de champagne ont \u00e9t\u00e9 d\u00e9bouch\u00e9es, les discours prononc\u00e9s, et les projets d&rsquo;avenir discut\u00e9s avec enthousiasme.<\/p>\n\n\n\n<p>Voici les \u00e9tapes habituelles d&rsquo;une c\u00e9l\u00e9bration de dipl\u00f4me suivies par ces \u00e9tudiants:<\/p>\n\n\n\n<ul class=\"wp-block-list\">\n<li>Informations aux proches sur la r\u00e9ussite<\/li>\n\n\n\n<li>Organisation d&rsquo;une f\u00eate entre camarades<\/li>\n\n\n\n<li>Partage sur les r\u00e9seaux sociaux<\/li>\n\n\n\n<li>Contact avec les potentiels employeurs<\/li>\n\n\n\n<li>Planification des prochaines \u00e9tapes de leur carri\u00e8re<\/li>\n<\/ul>\n\n\n\n<h2 class=\"wp-block-heading\">La b\u00e9vue administrative qui a tout chamboul\u00e9<\/h2>\n\n\n\n<p>Le D\u00e9partement tessinois de l&rsquo;\u00e9ducation, de la culture et du sport a rapidement identifi\u00e9 la source de cette confusion. Un <strong>retard dans la transmission des r\u00e9sultats<\/strong> a emp\u00each\u00e9 l&rsquo;envoi des notifications d&rsquo;\u00e9chec comme pr\u00e9vu. Ce n&rsquo;est que le lendemain matin, le 5 juin, que les lettres recommand\u00e9es ont \u00e9t\u00e9 remises aux \u00e9tudiants concern\u00e9s.<\/p>\n\n\n\n<p>\u00ab\u00a0La communication a \u00e9t\u00e9 d\u00e9livr\u00e9e par courrier recommand\u00e9 le 5 juin, au lieu du 4 juin initialement pr\u00e9vu\u00a0\u00bb, a expliqu\u00e9 l&rsquo;administration dans un communiqu\u00e9 officiel. Elle a pr\u00e9sent\u00e9 \u00ab\u00a0ses excuses aux participants pour les d\u00e9sagr\u00e9ments caus\u00e9s par ce retard de communication\u00a0\u00bb. Une formulation administrative qui ne dissimule pas la gravit\u00e9 de la situation pour les \u00e9tudiants touch\u00e9s.<\/p>\n\n\n\n<p>Cette erreur de timing a cr\u00e9\u00e9 un <i>d\u00e9calage dramatique entre attente et r\u00e9alit\u00e9<\/i>. Les \u00e9tudiants recal\u00e9s se sont retrouv\u00e9s confront\u00e9s \u00e0 une situation d\u00e9licate : annoncer \u00e0 leur entourage qu&rsquo;ils avaient c\u00e9l\u00e9br\u00e9 pr\u00e9matur\u00e9ment.<\/p>\n\n\n\n<figure class=\"wp-block-table\"><table class=\"has-fixed-layout\"><tbody><tr><th>Chronologie des \u00e9v\u00e9nements<\/th><th>Impact sur les \u00e9tudiants<\/th><\/tr><tr><td>4 juin &#8211; Absence de notification d&rsquo;\u00e9chec<\/td><td>Sentiment de r\u00e9ussite, organisation de c\u00e9l\u00e9brations<\/td><\/tr><tr><td>Nuit du 4 au 5 juin &#8211; F\u00eate des dipl\u00f4mes<\/td><td>Euphorie collective, projets d&rsquo;avenir<\/td><\/tr><tr><td>5 juin &#8211; R\u00e9ception des lettres de recalage<\/td><td>Choc, d\u00e9sillusion, embarras social<\/td><\/tr><\/tbody><\/table><\/figure>\n\n\n\n<h2 class=\"wp-block-heading\">Des r\u00e9cits qui d\u00e9voilent l&rsquo;ampleur du traumatisme<\/h2>\n\n\n\n<p>M\u00eame les \u00e9tudiants ayant r\u00e9ellement obtenu leur dipl\u00f4me ont ressenti le malaise g\u00e9n\u00e9ral. Une dipl\u00f4m\u00e9e a exprim\u00e9 son indignation : \u00ab\u00a0Je ne fais pas partie des recal\u00e9s, mais j&rsquo;ai \u00e9t\u00e9 choqu\u00e9e quand m\u00eame. Pensez \u00e0 ceux qui ont annonc\u00e9 leur r\u00e9ussite \u00e0 leur entourage et employeurs\u2026 Comment une <strong>erreur administrative aussi grave a-t-elle pu se produire<\/strong> ?\u00a0\u00bb<\/p>\n\n\n\n<p>Pour les nombreux \u00e9tudiants recal\u00e9s, la situation est encore plus compliqu\u00e9e. Outre la d\u00e9ception de l&rsquo;\u00e9chec, ils doivent g\u00e9rer l&#8217;embarras d&rsquo;avoir f\u00eat\u00e9 une r\u00e9ussite imaginaire. La gueule de bois n&rsquo;\u00e9tait pas que physique, mais aussi mentale.<\/p>\n\n\n\n<p>Ce genre de m\u00e9saventure n&rsquo;est malheureusement pas unique dans le milieu acad\u00e9mique. En juin 2023, une universit\u00e9 fran\u00e7aise avait connu une situation similaire. La principale diff\u00e9rence r\u00e9sidait dans la r\u00e9activit\u00e9 : les \u00e9tudiants fran\u00e7ais avaient \u00e9t\u00e9 inform\u00e9s de l&rsquo;erreur quelques heures apr\u00e8s la publication erron\u00e9e des r\u00e9sultats.<\/p>\n\n\n\n<p>La r\u00e9action d&rsquo;une \u00e9tudiante fran\u00e7aise recal\u00e9e illustre bien le sentiment d&rsquo;injustice ressenti : \u00ab\u00a0Comment peut-on nous faire attendre deux mois pour les r\u00e9sultats et commettre des erreurs ? Comment peut-on nous informer par un simple mail r\u00e9dig\u00e9 \u00e0 la va-vite ?\u00a0\u00bb<\/p>\n","protected":false},"excerpt":{"rendered":"<p>La nuit du 4 au 5 juin 2025 restera grav\u00e9e dans la m\u00e9moire de nombreux \u00e9tudiants en comptabilit\u00e9 de Bellinzone. Ce qui devait marquer le d\u00e9but d&rsquo;une nouvelle \u00e9tape de leur vie s&rsquo;est transform\u00e9 en situation administrative embarrassante. Alors qu&rsquo;ils pensaient avoir obtenu leur dipl\u00f4me, plusieurs dizaines d&rsquo;entre eux ont d\u00e9couvert le lendemain qu&rsquo;ils avaient [&hellip;]<\/p>\n","protected":false},"author":1,"featured_media":826,"comment_status":"open","ping_status":"open","sticky":false,"template":"","format":"standard","meta":{"_seopress_robots_primary_cat":"","_seopress_titles_title":"","_seopress_titles_desc":"","_seopress_robots_index":"","footnotes":""},"categories":[7],"tags":[],"class_list":{"0":"post-825","1":"post","2":"type-post","3":"status-publish","4":"format-standard","5":"has-post-thumbnail","7":"category-societe"},"_links":{"self":[{"href":"https:\/\/cuberg.net\/fr\/wp-json\/wp\/v2\/posts\/825","targetHints":{"allow":["GET"]}}],"collection":[{"href":"https:\/\/cuberg.net\/fr\/wp-json\/wp\/v2\/posts"}],"about":[{"href":"https:\/\/cuberg.net\/fr\/wp-json\/wp\/v2\/types\/post"}],"author":[{"embeddable":true,"href":"https:\/\/cuberg.net\/fr\/wp-json\/wp\/v2\/users\/1"}],"replies":[{"embeddable":true,"href":"https:\/\/cuberg.net\/fr\/wp-json\/wp\/v2\/comments?post=825"}],"version-history":[{"count":1,"href":"https:\/\/cuberg.net\/fr\/wp-json\/wp\/v2\/posts\/825\/revisions"}],"predecessor-version":[{"id":999,"href":"https:\/\/cuberg.net\/fr\/wp-json\/wp\/v2\/posts\/825\/revisions\/999"}],"wp:featuredmedia":[{"embeddable":true,"href":"https:\/\/cuberg.net\/fr\/wp-json\/wp\/v2\/media\/826"}],"wp:attachment":[{"href":"https:\/\/cuberg.net\/fr\/wp-json\/wp\/v2\/media?parent=825"}],"wp:term":[{"taxonomy":"category","embeddable":true,"href":"https:\/\/cuberg.net\/fr\/wp-json\/wp\/v2\/categories?post=825"},{"taxonomy":"post_tag","embeddable":true,"href":"https:\/\/cuberg.net\/fr\/wp-json\/wp\/v2\/tags?post=825"}],"curies":[{"name":"wp","href":"https:\/\/api.w.org\/{rel}","templated":true}]}}