{"id":827,"date":"2025-08-22T08:32:00","date_gmt":"2025-08-22T06:32:00","guid":{"rendered":"https:\/\/cuberg.net\/fr\/?p=827"},"modified":"2025-08-22T12:08:36","modified_gmt":"2025-08-22T10:08:36","slug":"taxe-fonciere-2025-bonne-nouvelle-pour-ces-millions-de-francais-en-faites-vous-partie","status":"publish","type":"post","link":"https:\/\/cuberg.net\/fr\/taxe-fonciere-2025-bonne-nouvelle-pour-ces-millions-de-francais-en-faites-vous-partie\/","title":{"rendered":"Taxe fonci\u00e8re 2025 : bonne nouvelle pour ces millions de Fran\u00e7ais, en faites-vous partie ?"},"content":{"rendered":"<p>Le paysage fiscal fran\u00e7ais \u00e9volue de mani\u00e8re significative en 2025, notamment en ce qui concerne la <strong>taxe fonci\u00e8re<\/strong>. Apr\u00e8s une d\u00e9cennie de hausses constantes qui ont pes\u00e9 lourdement sur les propri\u00e9taires, certaines municipalit\u00e9s ont d\u00e9cid\u00e9 de changer de cap. Cette nouvelle orientation apporte un soulagement bienvenu pour des <strong>millions de Fran\u00e7ais<\/strong> qui verront leur imposition diminuer pour la premi\u00e8re fois depuis longtemps.<\/p>\n<h2>R\u00e9duction inattendue de la pression fiscale pour les propri\u00e9taires en 2025<\/h2>\n<p>La France se trouve parmi les pays o\u00f9 la pression fiscale est particuli\u00e8rement \u00e9lev\u00e9e. Ces derni\u00e8res ann\u00e9es, les propri\u00e9taires ont subi une augmentation globale d&rsquo;environ 30% de leur <strong>taxe fonci\u00e8re<\/strong>. Ce pr\u00e9l\u00e8vement, qui constitue une source importante de financement pour les collectivit\u00e9s locales, a r\u00e9guli\u00e8rement augment\u00e9, r\u00e9duisant significativement le pouvoir d&rsquo;achat des contribuables.<\/p>\n<p>Cependant, une \u00e9volution favorable se profile pour 2025. Bien que l&rsquo;\u00c9tat ait pr\u00e9vu une revalorisation nationale des bases locatives d&rsquo;au moins 1,8%, plusieurs communes ont d\u00e9cid\u00e9 de diminuer leur taux communal. Cette d\u00e9cision historique permettra \u00e0 de nombreux propri\u00e9taires de b\u00e9n\u00e9ficier d&rsquo;une r\u00e9duction effective de leur imp\u00f4t foncier.<\/p>\n<p>Les \u00e9conomies r\u00e9alisables varient consid\u00e9rablement selon les municipalit\u00e9s :<\/p>\n<ul>\n<li>R\u00e9ductions marginales dans certaines communes<\/li>\n<li>Businesss substantielles pouvant atteindre plusieurs dizaines d&rsquo;euros dans d&rsquo;autres<\/li>\n<li>Baisses exceptionnelles d\u00e9passant 15% dans quelques localit\u00e9s<\/li>\n<li>Avantages cumulables avec d&rsquo;\u00e9ventuels dispositifs d&rsquo;exon\u00e9ration existants<\/li>\n<\/ul>\n<p>Cette tendance s&rsquo;inscrit dans un contexte \u00e9conomique tendu, o\u00f9 de nombreux m\u00e9nages font face \u00e0 l&rsquo;inflation et \u00e0 diverses hausses d&rsquo;imp\u00f4ts. L&rsquo;all\u00e8gement de la <strong>taxe fonci\u00e8re<\/strong> constitue ainsi une bouff\u00e9e d&rsquo;oxyg\u00e8ne attendue par des millions de propri\u00e9taires.<\/p>\n<h2>Quelles communes ont opt\u00e9 pour une r\u00e9duction de leur taxe fonci\u00e8re en 2025?<\/h2>\n<p>Plusieurs villes fran\u00e7aises ont d\u00e9j\u00e0 annonc\u00e9 leur intention de diminuer leur part de la <strong>taxe fonci\u00e8re<\/strong>. Sur la C\u00f4te d&rsquo;Azur, la ville de Cannes, dirig\u00e9e par David Lisnard, a choisi de r\u00e9duire de 3,6% son taux communal. Cette d\u00e9cision se traduira par une baisse effective de 2% pour les propri\u00e9taires cannois, apr\u00e8s prise en compte de l&rsquo;augmentation nationale.<\/p>\n<p>\u00c0 proximit\u00e9, Roquebrune-sur-Argens suit une trajectoire similaire avec une r\u00e9duction de 3% de son taux, offrant une diminution r\u00e9elle de 1,3% \u00e0 ses administr\u00e9s. Plus impressionnant encore, <em>la municipalit\u00e9 de Vallauris<\/em> a vot\u00e9 une baisse spectaculaire de 19%, ce qui repr\u00e9sente une diminution de 17,3% pour les contribuables locaux. Concr\u00e8tement, un propri\u00e9taire qui aurait pay\u00e9 1 200 euros en 2024 ne devra plus que 992 euros en 2025.<\/p>\n<table>\n<tr>\n<th>Ville<\/th>\n<th>Baisse du taux communal<\/th>\n<th>R\u00e9duction effective<\/th>\n<\/tr>\n<tr>\n<td>Cannes<\/td>\n<td>3,6%<\/td>\n<td>2%<\/td>\n<\/tr>\n<tr>\n<td>Roquebrune-sur-Argens<\/td>\n<td>3%<\/td>\n<td>1,3%<\/td>\n<\/tr>\n<tr>\n<td>Vallauris<\/td>\n<td>19%<\/td>\n<td>17,3%<\/td>\n<\/tr>\n<tr>\n<td>Basse-Goulaine<\/td>\n<td>3%<\/td>\n<td>1,2%<\/td>\n<\/tr>\n<\/table>\n<p>En Loire-Atlantique, la commune de Basse-Goulaine poursuit sa politique d&rsquo;all\u00e8gement fiscal avec une <em>neuvi\u00e8me baisse en dix ans<\/em>. Le taux communal y a \u00e9t\u00e9 r\u00e9duit de 3% suppl\u00e9mentaires, confirmant une strat\u00e9gie fiscale favorable aux propri\u00e9taires sur le long terme.<\/p>\n<h2>Une tendance qui pourrait se g\u00e9n\u00e9raliser<\/h2>\n<p>Les exemples mentionn\u00e9s ne sont que les premi\u00e8res annonces d&rsquo;une tendance qui pourrait se propager. Les municipalit\u00e9s ont encore du temps pour se d\u00e9cider, la date limite pour fixer les taux \u00e9tant le <strong>15 avril 2025<\/strong>. Dans un contexte o\u00f9 le pouvoir d&rsquo;achat des Fran\u00e7ais est mis \u00e0 mal par l&rsquo;inflation, d&rsquo;autres communes pourraient suivre l&rsquo;exemple de ces pionniers.<\/p>\n<p>Cette \u00e9volution marque potentiellement la fin d&rsquo;une p\u00e9riode d&rsquo;augmentations syst\u00e9matiques qui durait depuis une d\u00e9cennie. Pour les propri\u00e9taires concern\u00e9s, cette r\u00e9duction constitue une <em>nouvelle encourageante<\/em> dans un paysage fiscal habituellement en hausse.<\/p>\n<p>Le calcul de la <strong>taxe fonci\u00e8re<\/strong> reste n\u00e9anmoins complexe. Il repose sur l&rsquo;estimation par l&rsquo;\u00c9tat de la valeur locative des biens, multipli\u00e9e par le taux d\u00e9fini par les collectivit\u00e9s. Cette dualit\u00e9 explique pourquoi, malgr\u00e9 l&rsquo;augmentation nationale des bases, certains contribuables paieront moins en 2025 gr\u00e2ce aux d\u00e9cisions locales.<\/p>\n<p>Pour savoir si vous \u00eates \u00e9ligible \u00e0 ces baisses, il est recommand\u00e9 de vous renseigner aupr\u00e8s de votre mairie ou de consulter les d\u00e9lib\u00e9rations municipales concernant les taux d&rsquo;imposition locale pour 2025.<\/p>\n","protected":false},"excerpt":{"rendered":"<p>Le paysage fiscal fran\u00e7ais \u00e9volue de mani\u00e8re significative en 2025, notamment en ce qui concerne la taxe fonci\u00e8re. Apr\u00e8s une d\u00e9cennie de hausses constantes qui ont pes\u00e9 lourdement sur les propri\u00e9taires, certaines municipalit\u00e9s ont d\u00e9cid\u00e9 de changer de cap. Cette nouvelle orientation apporte un soulagement bienvenu pour des millions de Fran\u00e7ais qui verront leur imposition [&hellip;]<\/p>\n","protected":false},"author":1,"featured_media":828,"comment_status":"open","ping_status":"open","sticky":false,"template":"","format":"standard","meta":{"_seopress_robots_primary_cat":"","_seopress_titles_title":"","_seopress_titles_desc":"","_seopress_robots_index":"","footnotes":""},"categories":[16],"tags":[],"class_list":{"0":"post-827","1":"post","2":"type-post","3":"status-publish","4":"format-standard","5":"has-post-thumbnail","7":"category-business"},"_links":{"self":[{"href":"https:\/\/cuberg.net\/fr\/wp-json\/wp\/v2\/posts\/827","targetHints":{"allow":["GET"]}}],"collection":[{"href":"https:\/\/cuberg.net\/fr\/wp-json\/wp\/v2\/posts"}],"about":[{"href":"https:\/\/cuberg.net\/fr\/wp-json\/wp\/v2\/types\/post"}],"author":[{"embeddable":true,"href":"https:\/\/cuberg.net\/fr\/wp-json\/wp\/v2\/users\/1"}],"replies":[{"embeddable":true,"href":"https:\/\/cuberg.net\/fr\/wp-json\/wp\/v2\/comments?post=827"}],"version-history":[{"count":1,"href":"https:\/\/cuberg.net\/fr\/wp-json\/wp\/v2\/posts\/827\/revisions"}],"predecessor-version":[{"id":956,"href":"https:\/\/cuberg.net\/fr\/wp-json\/wp\/v2\/posts\/827\/revisions\/956"}],"wp:featuredmedia":[{"embeddable":true,"href":"https:\/\/cuberg.net\/fr\/wp-json\/wp\/v2\/media\/828"}],"wp:attachment":[{"href":"https:\/\/cuberg.net\/fr\/wp-json\/wp\/v2\/media?parent=827"}],"wp:term":[{"taxonomy":"category","embeddable":true,"href":"https:\/\/cuberg.net\/fr\/wp-json\/wp\/v2\/categories?post=827"},{"taxonomy":"post_tag","embeddable":true,"href":"https:\/\/cuberg.net\/fr\/wp-json\/wp\/v2\/tags?post=827"}],"curies":[{"name":"wp","href":"https:\/\/api.w.org\/{rel}","templated":true}]}}