{"id":849,"date":"2025-08-28T16:37:00","date_gmt":"2025-08-28T14:37:00","guid":{"rendered":"https:\/\/cuberg.net\/fr\/?p=849"},"modified":"2025-08-28T23:57:56","modified_gmt":"2025-08-28T21:57:56","slug":"le-grand-patron-des-supermarches-leclerc-fait-une-tres-mauvaise-annonce-aux-francais-pour-2025-ne-vous-attendez-pas-a-une-baisse-des-prix","status":"publish","type":"post","link":"https:\/\/cuberg.net\/fr\/le-grand-patron-des-supermarches-leclerc-fait-une-tres-mauvaise-annonce-aux-francais-pour-2025-ne-vous-attendez-pas-a-une-baisse-des-prix\/","title":{"rendered":"Le grand patron des supermarch\u00e9s Leclerc fait une tr\u00e8s mauvaise annonce aux Fran\u00e7ais pour 2025, ne vous attendez pas \u00e0 une baisse des prix"},"content":{"rendered":"<p>Michel-\u00c9douard Leclerc a r\u00e9cemment communiqu\u00e9 une nouvelle qui risque de d\u00e9cevoir de nombreux consommateurs en France. Le pr\u00e9sident du c\u00e9l\u00e8bre groupe de distribution a clairement affirm\u00e9 que les prix dans les supermarch\u00e9s ne retrouveront pas leurs niveaux d&rsquo;avant l&rsquo;inflation, malgr\u00e9 les attentes de nombreux m\u00e9nages en difficult\u00e9 financi\u00e8re.<\/p>\n<h2>Perspectives \u00e9conomiques sombres pour les consommateurs en 2025<\/h2>\n<p>Lors d&rsquo;une r\u00e9cente intervention m\u00e9diatique sur le plateau du Grand Jury RTL-M6-Le Figaro-Public S\u00e9nat, <strong>Michel-\u00c9douard Leclerc a douch\u00e9 les espoirs des Fran\u00e7ais<\/strong> qui esp\u00e9raient une baisse significative des prix en 2025. Le dirigeant de l&rsquo;enseigne de grande distribution a \u00e9t\u00e9 cat\u00e9gorique : l&rsquo;inflation accumul\u00e9e ne dispara\u00eetra pas miraculeusement.<\/p>\n<p>\u00ab\u00a0L&rsquo;inflation des trois derni\u00e8res ann\u00e9es est d\u00e9sormais int\u00e9gr\u00e9e quelque part ou a \u00e9t\u00e9 investie\u00a0\u00bb, a-t-il expliqu\u00e9 sans d\u00e9tour. Cette r\u00e9alit\u00e9 \u00e9conomique signifie que <strong>les consommateurs ne doivent pas anticiper des r\u00e9ductions spectaculaires<\/strong> \u00e0 court terme.<\/p>\n<p>Cependant, le dirigeant a nuanc\u00e9 ses propos en \u00e9voquant les futures n\u00e9gociations avec les principaux fournisseurs. Bien que toutes les demandes tarifaires soient actuellement \u00e0 la hausse, il s&rsquo;est engag\u00e9 \u00e0 rechercher des baisses, notamment dans les secteurs ayant subi des hausses importantes.<\/p>\n<table>\n<tr>\n<th>Facteurs impactant les prix<\/th>\n<th>Cons\u00e9quences pour les consommateurs<\/th>\n<\/tr>\n<tr>\n<td>Inflation accumul\u00e9e (2022-2024)<\/td>\n<td>Impossible retour aux prix ant\u00e9rieurs<\/td>\n<\/tr>\n<tr>\n<td>Nouvelles taxes (ex: taxe soda)<\/td>\n<td>Hausses suppl\u00e9mentaires des prix en 2025<\/td>\n<\/tr>\n<tr>\n<td>N\u00e9gociations avec les fournisseurs<\/td>\n<td>Possibles baisses limit\u00e9es sur certains produits<\/td>\n<\/tr>\n<\/table>\n<h2>La taxe soda de 2025, une mesure contest\u00e9e par Leclerc<\/h2>\n<p>Michel-\u00c9douard Leclerc a abord\u00e9 la nouvelle augmentation de la taxe soda pr\u00e9vue pour janvier 2025. Cette mesure fiscale aura un impact direct sur le porte-monnaie des consommateurs fran\u00e7ais, avec des hausses significatives en fonction de la teneur en sucre des boissons :<\/p>\n<ul>\n<li>Pour les produits contenant moins de 5 kg de sucre par hectolitre : augmentation de 3,79\u20ac \u00e0 4\u20ac<\/li>\n<li>Pour les produits d\u00e9passant 8 kg de sucre par hectolitre : hausse drastique de 17,70\u20ac \u00e0 35\u20ac<\/li>\n<li>Impact imm\u00e9diat sur le prix final pay\u00e9 par le consommateur<\/li>\n<li>R\u00e9percussion probable sur l&rsquo;ensemble des boissons sucr\u00e9es<\/li>\n<\/ul>\n<p>Le responsable de Leclerc n&rsquo;a pas m\u00e2ch\u00e9 ses mots concernant cette nouvelle taxe, affirmant qu&rsquo;elle vise davantage des objectifs fiscaux que sanitaires. <em>Il a m\u00eame utilis\u00e9 une formule provocante en d\u00e9clarant que \u00ab\u00a0c&rsquo;est l&rsquo;\u00c9tat qui est ob\u00e8se\u00a0\u00bb<\/em>, sugg\u00e9rant que les autorit\u00e9s cherchent \u00e0 renflouer leurs caisses plut\u00f4t qu&rsquo;\u00e0 am\u00e9liorer la sant\u00e9 des Fran\u00e7ais.<\/p>\n<p>\u00ab\u00a0Je suis en faveur de la lutte contre l&rsquo;ob\u00e9sit\u00e9 et pr\u00eat \u00e0 contribuer financi\u00e8rement \u00e0 cette cause. Mais ces taxes alimentent le budget g\u00e9n\u00e9ral de l&rsquo;\u00c9tat sans affectation sp\u00e9cifique \u00e0 la sant\u00e9 publique\u00a0\u00bb, a-t-il soulign\u00e9, qualifiant ces justifications sanitaires de \u00ab\u00a0baratin\u00a0\u00bb.<\/p>\n<h2>Strat\u00e9gies d&rsquo;adaptation face \u00e0 une inflation persistante<\/h2>\n<p>Face \u00e0 ce contexte \u00e9conomique difficile, les consommateurs devront s&rsquo;adapter \u00e0 une nouvelle r\u00e9alit\u00e9 o\u00f9 <strong>les prix \u00e9lev\u00e9s semblent s&rsquo;installer durablement<\/strong>. Revenir aux niveaux d&rsquo;avant la p\u00e9riode inflationniste semble d\u00e9sormais illusoire selon les dires du responsable de Leclerc.<\/p>\n<p>Malgr\u00e9 les promesses de n\u00e9gociations serr\u00e9es avec les fournisseurs pour limiter les hausses et obtenir quelques baisses, ces efforts risquent de ne pas suffire \u00e0 compenser l&rsquo;inflation accumul\u00e9e au fil des ann\u00e9es. Les m\u00e9nages fran\u00e7ais devront donc revoir leurs habitudes de consommation pour faire face \u00e0 cette situation.<\/p>\n<ol>\n<li>Privil\u00e9gier les marques de distributeurs, souvent moins on\u00e9reuses<\/li>\n<li>Surveiller attentivement les promotions et offres sp\u00e9ciales<\/li>\n<li>Comparer syst\u00e9matiquement les prix entre les enseignes<\/li>\n<li>Ajuster son panier en fonction des variations saisonni\u00e8res<\/li>\n<li>R\u00e9duire \u00e9ventuellement la consommation de produits fortement tax\u00e9s<\/li>\n<\/ol>\n<p>Cette situation met en \u00e9vidence une tension croissante entre <em>les attentes des consommateurs en mati\u00e8re de prix abordables<\/em> et les r\u00e9alit\u00e9s \u00e9conomiques d\u00e9fendues par les acteurs de la grande distribution. Michel-\u00c9douard Leclerc, malgr\u00e9 son engagement historique en faveur des prix bas, reconna\u00eet d\u00e9sormais les limites de ce que son enseigne peut offrir dans le contexte \u00e9conomique actuel.<\/p>\n","protected":false},"excerpt":{"rendered":"<p>Michel-\u00c9douard Leclerc a r\u00e9cemment communiqu\u00e9 une nouvelle qui risque de d\u00e9cevoir de nombreux consommateurs en France. Le pr\u00e9sident du c\u00e9l\u00e8bre groupe de distribution a clairement affirm\u00e9 que les prix dans les supermarch\u00e9s ne retrouveront pas leurs niveaux d&rsquo;avant l&rsquo;inflation, malgr\u00e9 les attentes de nombreux m\u00e9nages en difficult\u00e9 financi\u00e8re. Perspectives \u00e9conomiques sombres pour les consommateurs en [&hellip;]<\/p>\n","protected":false},"author":1,"featured_media":850,"comment_status":"open","ping_status":"open","sticky":false,"template":"","format":"standard","meta":{"_seopress_robots_primary_cat":"none","_seopress_titles_title":"","_seopress_titles_desc":"","_seopress_robots_index":"","footnotes":""},"categories":[8],"tags":[],"class_list":{"0":"post-849","1":"post","2":"type-post","3":"status-publish","4":"format-standard","5":"has-post-thumbnail","7":"category-consommation"},"_links":{"self":[{"href":"https:\/\/cuberg.net\/fr\/wp-json\/wp\/v2\/posts\/849","targetHints":{"allow":["GET"]}}],"collection":[{"href":"https:\/\/cuberg.net\/fr\/wp-json\/wp\/v2\/posts"}],"about":[{"href":"https:\/\/cuberg.net\/fr\/wp-json\/wp\/v2\/types\/post"}],"author":[{"embeddable":true,"href":"https:\/\/cuberg.net\/fr\/wp-json\/wp\/v2\/users\/1"}],"replies":[{"embeddable":true,"href":"https:\/\/cuberg.net\/fr\/wp-json\/wp\/v2\/comments?post=849"}],"version-history":[{"count":1,"href":"https:\/\/cuberg.net\/fr\/wp-json\/wp\/v2\/posts\/849\/revisions"}],"predecessor-version":[{"id":1034,"href":"https:\/\/cuberg.net\/fr\/wp-json\/wp\/v2\/posts\/849\/revisions\/1034"}],"wp:featuredmedia":[{"embeddable":true,"href":"https:\/\/cuberg.net\/fr\/wp-json\/wp\/v2\/media\/850"}],"wp:attachment":[{"href":"https:\/\/cuberg.net\/fr\/wp-json\/wp\/v2\/media?parent=849"}],"wp:term":[{"taxonomy":"category","embeddable":true,"href":"https:\/\/cuberg.net\/fr\/wp-json\/wp\/v2\/categories?post=849"},{"taxonomy":"post_tag","embeddable":true,"href":"https:\/\/cuberg.net\/fr\/wp-json\/wp\/v2\/tags?post=849"}],"curies":[{"name":"wp","href":"https:\/\/api.w.org\/{rel}","templated":true}]}}