{"id":879,"date":"2025-09-01T15:33:00","date_gmt":"2025-09-01T13:33:00","guid":{"rendered":"https:\/\/cuberg.net\/fr\/?p=879"},"modified":"2025-08-31T23:37:20","modified_gmt":"2025-08-31T21:37:20","slug":"jai-eleve-mon-fils-avec-leducation-positive-et-je-deconseille-vivement-aux-parents-de-faire-la-meme-erreur","status":"publish","type":"post","link":"https:\/\/cuberg.net\/fr\/jai-eleve-mon-fils-avec-leducation-positive-et-je-deconseille-vivement-aux-parents-de-faire-la-meme-erreur\/","title":{"rendered":"\u00ab\u00a0J&rsquo;ai \u00e9lev\u00e9 mon fils avec l&rsquo;\u00e9ducation positive et je d\u00e9conseille vivement aux parents de faire la m\u00eame erreur\u00a0\u00bb"},"content":{"rendered":"\n<p>L&rsquo;\u00e9ducation positive a s\u00e9duit de nombreux parents ces derni\u00e8res ann\u00e9es avec ses promesses de relations harmonieuses et d&rsquo;enfants \u00e9panouis. Cependant, des voix critiques remettent en question cette approche parentale. Voici le r\u00e9cit de Joris, un p\u00e8re qui partage son exp\u00e9rience mitig\u00e9e apr\u00e8s avoir appliqu\u00e9 cette m\u00e9thode avec son fils pendant plusieurs ann\u00e9es.<\/p>\n\n\n\n<h2 class=\"wp-block-heading\">Les s\u00e9ductions illusoires de la parentalit\u00e9 bienveillante<\/h2>\n\n\n\n<p>Avant la naissance de son enfant, Joris n&rsquo;avait jamais vraiment r\u00e9fl\u00e9chi aux diff\u00e9rentes approches \u00e9ducatives. C&rsquo;est en explorant les ressources disponibles qu&rsquo;il a d\u00e9couvert <strong>l&rsquo;\u00e9ducation positive et ses principes attrayants<\/strong>. Cette approche se pr\u00e9sente comme une alternative aux m\u00e9thodes traditionnelles jug\u00e9es trop autoritaires.<\/p>\n\n\n\n<p>Elle repose sur plusieurs principes fondamentaux :<\/p>\n\n\n\n<ul class=\"wp-block-list\">\n<li>L&rsquo;\u00e9coute active des besoins de l&rsquo;enfant<\/li>\n\n\n\n<li>La communication respectueuse et non-violente<\/li>\n\n\n\n<li>L&rsquo;absence de punitions au profit du dialogue<\/li>\n\n\n\n<li>La recherche conjointe de solutions aux probl\u00e8mes<\/li>\n\n\n\n<li>Le respect du rythme et de l&rsquo;autonomie de l&rsquo;enfant<\/li>\n<\/ul>\n\n\n\n<p>Ces principes semblaient parfaitement logiques sur le papier. <i>Les ouvrages et sites sp\u00e9cialis\u00e9s regorgent d&rsquo;exemples inspirants<\/i> laissant penser qu&rsquo;il suffit d&rsquo;appliquer quelques techniques pour instaurer une relation parent-enfant id\u00e9ale. Convaincus de faire le meilleur choix pour leur fils, Joris et sa femme ont donc adopt\u00e9 cette philosophie naturellement.<\/p>\n\n\n\n<h2 class=\"wp-block-heading\">Quand la r\u00e9alit\u00e9 quotidienne d\u00e9ment la th\u00e9orie<\/h2>\n\n\n\n<p>Apr\u00e8s des ann\u00e9es de mise en pratique, Joris constate de mani\u00e8re cat\u00e9gorique que <strong>l&rsquo;\u00e9cart entre les promesses th\u00e9oriques et les r\u00e9sultats concrets<\/strong> est consid\u00e9rable. Dans son t\u00e9moignage publi\u00e9 sur le Huffington Post, il exprime sa d\u00e9sillusion face \u00e0 l&rsquo;inefficacit\u00e9 de certaines m\u00e9thodes pr\u00e9conis\u00e9es.<\/p>\n\n\n\n<p>Par exemple, l&rsquo;id\u00e9e de transformer un simple trajet \u00e0 v\u00e9lo en une aventure imaginaire avec une licorne n&rsquo;a jamais fonctionn\u00e9 avec son fils r\u00e9calcitrant. Les strat\u00e9gies de n\u00e9gociation et de diversion se sont r\u00e9v\u00e9l\u00e9es insuffisantes face \u00e0 certains comportements probl\u00e9matiques.<\/p>\n\n\n\n<p>Cette discordance a engendr\u00e9 chez Joris un profond sentiment d&rsquo;\u00e9chec personnel. Pendant longtemps, il s&rsquo;est interrog\u00e9 s&rsquo;il \u00e9tait le seul \u00e0 ne pas r\u00e9ussir \u00e0 mettre en \u0153uvre correctement ces principes, remettant en cause ses comp\u00e9tences parentales plut\u00f4t que la m\u00e9thode en elle-m\u00eame.<\/p>\n\n\n\n<figure class=\"wp-block-table\"><table class=\"has-fixed-layout\"><tbody><tr><th>Promesses de l&rsquo;\u00e9ducation positive<\/th><th>R\u00e9alit\u00e9 v\u00e9cue par Joris<\/th><\/tr><tr><td>Relation parent-enfant harmonieuse<\/td><td>Tensions et frustrations quotidiennes<\/td><\/tr><tr><td>Enfant autonome et coop\u00e9ratif<\/td><td>Comportements difficiles \u00e0 g\u00e9rer<\/td><\/tr><tr><td>R\u00e9solution de conflits par le dialogue<\/td><td>Inefficacit\u00e9 face \u00e0 certaines situations<\/td><\/tr><\/tbody><\/table><\/figure>\n\n\n\n<h2 class=\"wp-block-heading\">Les impacts inattendus sur le d\u00e9veloppement de l&rsquo;enfant<\/h2>\n\n\n\n<p>Aujourd&rsquo;hui, le fils de Joris a quatre ans et demi, et malgr\u00e9 tout l&rsquo;amour et l&rsquo;attention re\u00e7us, il pr\u00e9sente <strong>des difficult\u00e9s comportementales significatives<\/strong>. Contrairement aux attentes, l&rsquo;enfant est qualifi\u00e9 de \u00ab\u00a0difficile\u00a0\u00bb par son p\u00e8re. Cette situation affecte l&rsquo;ensemble de la famille, rendant m\u00eame probl\u00e9matique sa prise en charge par d&rsquo;autres adultes.<\/p>\n\n\n\n<p>L&rsquo;absence de limites claires et de cons\u00e9quences coh\u00e9rentes semble avoir contribu\u00e9 \u00e0 ces difficult\u00e9s. En \u00e9vitant syst\u00e9matiquement tout cadre strict au profit d&rsquo;explications et de n\u00e9gociations constantes, <i>l&rsquo;approche exclusivement positive peut parfois \u00e9chouer \u00e0 enseigner les r\u00e8gles essentielles de vie en soci\u00e9t\u00e9<\/i>.<\/p>\n\n\n\n<p>Avec une sinc\u00e9rit\u00e9 touchante, Joris admet que malgr\u00e9 son amour profond pour son fils, celui-ci est devenu \u00ab\u00a0un fardeau\u00a0\u00bb pour son entourage. Cette situation engendre frustration et inqui\u00e9tude chez les parents, qui se retrouvent dans une impasse \u00e9ducative difficile \u00e0 surmonter.<\/p>\n\n\n\n<h2 class=\"wp-block-heading\">Vers un \u00e9quilibre \u00e9ducatif plus r\u00e9aliste<\/h2>\n\n\n\n<p>L&rsquo;exp\u00e9rience de Joris invite \u00e0 r\u00e9fl\u00e9chir de mani\u00e8re nuanc\u00e9e sur l&rsquo;application syst\u00e9matique de l&rsquo;\u00e9ducation positive. Elle souligne <strong>la n\u00e9cessit\u00e9 d&rsquo;adapter les m\u00e9thodes \u00e9ducatives \u00e0 chaque enfant<\/strong>, en fonction de sa personnalit\u00e9 et des r\u00e9alit\u00e9s familiales sp\u00e9cifiques.<\/p>\n\n\n\n<p>Une approche plus \u00e9quilibr\u00e9e, combinant bienveillance et cadre structurant, pourrait se r\u00e9v\u00e9ler plus efficace pour de nombreux enfants. Le v\u00e9cu de ce p\u00e8re met en lumi\u00e8re l&rsquo;importance de trouver un \u00e9quilibre entre \u00e9coute et autorit\u00e9, entre compr\u00e9hension et \u00e9tablissement de limites claires.<\/p>\n\n\n\n<p>Chaque enfant \u00e9tant unique, les parents devraient \u00eatre libres d&rsquo;ajuster leur approche \u00e9ducative sans culpabilit\u00e9 ni jugement. Une parentalit\u00e9 \u00e9panouissante semble reposer sur cette capacit\u00e9 d&rsquo;adaptation, tout en restant en accord avec ses valeurs fondamentales.<\/p>\n","protected":false},"excerpt":{"rendered":"<p>L&rsquo;\u00e9ducation positive a s\u00e9duit de nombreux parents ces derni\u00e8res ann\u00e9es avec ses promesses de relations harmonieuses et d&rsquo;enfants \u00e9panouis. Cependant, des voix critiques remettent en question cette approche parentale. Voici le r\u00e9cit de Joris, un p\u00e8re qui partage son exp\u00e9rience mitig\u00e9e apr\u00e8s avoir appliqu\u00e9 cette m\u00e9thode avec son fils pendant plusieurs ann\u00e9es. Les s\u00e9ductions illusoires [&hellip;]<\/p>\n","protected":false},"author":1,"featured_media":880,"comment_status":"open","ping_status":"open","sticky":false,"template":"","format":"standard","meta":{"_seopress_robots_primary_cat":"","_seopress_titles_title":"","_seopress_titles_desc":"","_seopress_robots_index":"","footnotes":""},"categories":[12],"tags":[],"class_list":{"0":"post-879","1":"post","2":"type-post","3":"status-publish","4":"format-standard","5":"has-post-thumbnail","7":"category-loisirs"},"_links":{"self":[{"href":"https:\/\/cuberg.net\/fr\/wp-json\/wp\/v2\/posts\/879","targetHints":{"allow":["GET"]}}],"collection":[{"href":"https:\/\/cuberg.net\/fr\/wp-json\/wp\/v2\/posts"}],"about":[{"href":"https:\/\/cuberg.net\/fr\/wp-json\/wp\/v2\/types\/post"}],"author":[{"embeddable":true,"href":"https:\/\/cuberg.net\/fr\/wp-json\/wp\/v2\/users\/1"}],"replies":[{"embeddable":true,"href":"https:\/\/cuberg.net\/fr\/wp-json\/wp\/v2\/comments?post=879"}],"version-history":[{"count":1,"href":"https:\/\/cuberg.net\/fr\/wp-json\/wp\/v2\/posts\/879\/revisions"}],"predecessor-version":[{"id":1079,"href":"https:\/\/cuberg.net\/fr\/wp-json\/wp\/v2\/posts\/879\/revisions\/1079"}],"wp:featuredmedia":[{"embeddable":true,"href":"https:\/\/cuberg.net\/fr\/wp-json\/wp\/v2\/media\/880"}],"wp:attachment":[{"href":"https:\/\/cuberg.net\/fr\/wp-json\/wp\/v2\/media?parent=879"}],"wp:term":[{"taxonomy":"category","embeddable":true,"href":"https:\/\/cuberg.net\/fr\/wp-json\/wp\/v2\/categories?post=879"},{"taxonomy":"post_tag","embeddable":true,"href":"https:\/\/cuberg.net\/fr\/wp-json\/wp\/v2\/tags?post=879"}],"curies":[{"name":"wp","href":"https:\/\/api.w.org\/{rel}","templated":true}]}}