{"id":899,"date":"2025-09-05T07:31:00","date_gmt":"2025-09-05T05:31:00","guid":{"rendered":"https:\/\/cuberg.net\/fr\/?p=899"},"modified":"2025-09-03T18:37:21","modified_gmt":"2025-09-03T16:37:21","slug":"facebook-et-instagram-vont-utiliser-vos-donnees-personnelles-pour-lia-voici-comment-sen-proteger","status":"publish","type":"post","link":"https:\/\/cuberg.net\/fr\/facebook-et-instagram-vont-utiliser-vos-donnees-personnelles-pour-lia-voici-comment-sen-proteger\/","title":{"rendered":"Facebook et Instagram\u2026 vont utiliser vos donn\u00e9es personnelles pour l\u2019IA, voici comment s&rsquo;en prot\u00e9ger"},"content":{"rendered":"\n<p>La r\u00e9cente politique de Meta concernant l&rsquo;exploitation des donn\u00e9es personnelles pour ses syst\u00e8mes d&rsquo;intelligence artificielle suscite des inqui\u00e9tudes l\u00e9gitimes. Depuis le 14 avril 2025, Facebook et Instagram utilisent vos contenus publics pour am\u00e9liorer leurs algorithmes d&rsquo;IA sans requ\u00e9rir votre consentement explicite. Cette approche, bas\u00e9e sur l&rsquo;argument de l&rsquo;\u00abint\u00e9r\u00eat l\u00e9gitime\u00bb, autorise Meta \u00e0 recueillir et analyser vos publications, commentaires et interactions sur leurs plateformes. Heureusement, des solutions existent pour pr\u00e9server votre vie priv\u00e9e face \u00e0 cette collecte massive de donn\u00e9es.<\/p>\n\n\n\n<h2 class=\"wp-block-heading\">L&rsquo;exploitation discr\u00e8te de vos donn\u00e9es pour l&rsquo;IA de Meta<\/h2>\n\n\n\n<p>Meta a discr\u00e8tement ajust\u00e9 sa politique de confidentialit\u00e9 en se basant sur une base l\u00e9gale controvers\u00e9e : l&rsquo;\u00abint\u00e9r\u00eat l\u00e9gitime de l&rsquo;entreprise\u00bb. Cette interpr\u00e9tation du Comit\u00e9 europ\u00e9en de la protection des donn\u00e9es permet \u00e0 la soci\u00e9t\u00e9 technologique d&rsquo;utiliser certaines informations sans n\u00e9cessiter votre consentement pr\u00e9alable.<\/p>\n\n\n\n<p>Concr\u00e8tement, tout ce que vous partagez publiquement sur Facebook et Instagram devient automatiquement du mat\u00e9riel d&rsquo;apprentissage pour les syst\u00e8mes d&rsquo;IA de Meta. Cela inclut :<\/p>\n\n\n\n<ul class=\"wp-block-list\">\n<li>Les l\u00e9gendes de vos photos<\/li>\n\n\n\n<li>Vos commentaires publics<\/li>\n\n\n\n<li>Vos publications sur des pages ou profils accessibles \u00e0 tous<\/li>\n\n\n\n<li>Les messages envoy\u00e9s \u00e0 Meta AI via Messenger<\/li>\n<\/ul>\n\n\n\n<p>Cette approche repose sur le <em>principe du consentement implicite<\/em> : si vous ne refusez pas explicitement cette utilisation, Meta consid\u00e8re que vous l&rsquo;approuvez. Ce choix de l&rsquo;opt-out plut\u00f4t que de l&rsquo;opt-in est particuli\u00e8rement pr\u00e9occupant car il inverse la logique habituelle du consentement.<\/p>\n\n\n\n<p>\u00c0 noter, Meta d\u00e9clare exclure de cette collecte les donn\u00e9es de WhatsApp ainsi que les comptes des utilisateurs de moins de 18 ans. Cependant, <strong>la fronti\u00e8re entre contenus priv\u00e9s et publics devient de plus en plus floue<\/strong> avec l&rsquo;\u00e9volution des plateformes sociales.<\/p>\n\n\n\n<h2 class=\"wp-block-heading\">Prot\u00e9ger efficacement vos donn\u00e9es personnelles<\/h2>\n\n\n\n<p>Face \u00e0 cette collecte automatique, il est crucial d&rsquo;entreprendre des actions concr\u00e8tes pour s\u00e9curiser vos donn\u00e9es. Contrairement aux pratiques habituelles, Meta ne sollicitera jamais un consentement explicite. Il vous revient d&rsquo;agir pour refuser cette utilisation de vos informations.<\/p>\n\n\n\n<p>Voici les \u00e9tapes \u00e0 suivre pour limiter l&rsquo;utilisation de vos donn\u00e9es personnelles :<\/p>\n\n\n\n<ol class=\"wp-block-list\">\n<li>Acc\u00e9dez aux param\u00e8tres de confidentialit\u00e9 de vos comptes Facebook et Instagram<\/li>\n\n\n\n<li>Rep\u00e9rez le formulaire de refus sp\u00e9cifique \u00e0 l&rsquo;utilisation des donn\u00e9es pour l&rsquo;IA<\/li>\n\n\n\n<li>Cochez explicitement l&rsquo;option de refus<\/li>\n\n\n\n<li>Validez votre choix pour l&rsquo;appliquer \u00e0 tous vos comptes Meta<\/li>\n<\/ol>\n\n\n\n<p>Il est important de noter que <strong>chaque jour sans action de votre part \u00e9quivaut \u00e0 un consentement tacite<\/strong>. Meta a simplifi\u00e9 le processus de refus, mais il est essentiel d&rsquo;\u00eatre inform\u00e9 de son existence pour pouvoir l&rsquo;utiliser.<\/p>\n\n\n\n<figure class=\"wp-block-table\"><table class=\"has-fixed-layout\"><tbody><tr><th>Plateforme<\/th><th>Donn\u00e9es collect\u00e9es<\/th><th>Donn\u00e9es prot\u00e9g\u00e9es<\/th><\/tr><tr><td>Facebook<\/td><td>Publications publiques, commentaires, interactions avec Meta AI<\/td><td>Messages priv\u00e9s entre amis\/famille (selon Meta)<\/td><\/tr><tr><td>Instagram<\/td><td>Posts publics, l\u00e9gendes, commentaires publics<\/td><td>Messages directs priv\u00e9s (selon Meta)<\/td><\/tr><tr><td>WhatsApp<\/td><td>Aucune (pour l&rsquo;instant)<\/td><td>Toutes les conversations<\/td><\/tr><\/tbody><\/table><\/figure>\n\n\n\n<h2 class=\"wp-block-heading\">Les implications de cette nouvelle politique sur votre vie priv\u00e9e<\/h2>\n\n\n\n<p>Cette nouvelle approche de Meta fait suite \u00e0 un pr\u00e9c\u00e9dent \u00e9chec en juin 2024, lorsque 11 pays europ\u00e9ens s&rsquo;\u00e9taient oppos\u00e9s \u00e0 une initiative similaire. Aujourd&rsquo;hui, l&rsquo;entreprise affirme avoir trouv\u00e9 le cadre l\u00e9gal appropri\u00e9, mais <em>des interrogations persistent quant \u00e0 la l\u00e9gitimit\u00e9 de cette pratique<\/em>.<\/p>\n\n\n\n<p>Les risques li\u00e9s \u00e0 cette collecte massive ne doivent pas \u00eatre sous-estim\u00e9s. La perspective que vos id\u00e9es, opinions et expressions personnelles soient utilis\u00e9es pour former des algorithmes sans votre consentement explicite soul\u00e8ve des questions \u00e9thiques majeures. Par ailleurs, <strong>le risque d&rsquo;une utilisation abusive ou d&rsquo;une divulgation de donn\u00e9es sensibles demeure r\u00e9el<\/strong>, malgr\u00e9 les assurances d&rsquo;anonymisation avanc\u00e9es par Meta.<\/p>\n\n\n\n<p>En l&rsquo;absence d&rsquo;une r\u00e9glementation plus stricte, il incombe aux utilisateurs de prendre activement des mesures pour prot\u00e9ger leurs donn\u00e9es personnelles. Cette situation met en lumi\u00e8re les d\u00e9fis actuels de la pr\u00e9servation de la vie priv\u00e9e \u00e0 l&rsquo;\u00e8re de l&rsquo;intelligence artificielle et des r\u00e9seaux sociaux omnipr\u00e9sents.<\/p>\n","protected":false},"excerpt":{"rendered":"<p>La r\u00e9cente politique de Meta concernant l&rsquo;exploitation des donn\u00e9es personnelles pour ses syst\u00e8mes d&rsquo;intelligence artificielle suscite des inqui\u00e9tudes l\u00e9gitimes. Depuis le 14 avril 2025, Facebook et Instagram utilisent vos contenus publics pour am\u00e9liorer leurs algorithmes d&rsquo;IA sans requ\u00e9rir votre consentement explicite. Cette approche, bas\u00e9e sur l&rsquo;argument de l&rsquo;\u00abint\u00e9r\u00eat l\u00e9gitime\u00bb, autorise Meta \u00e0 recueillir et analyser [&hellip;]<\/p>\n","protected":false},"author":1,"featured_media":900,"comment_status":"open","ping_status":"open","sticky":false,"template":"","format":"standard","meta":{"_seopress_robots_primary_cat":"","_seopress_titles_title":"","_seopress_titles_desc":"","_seopress_robots_index":"","footnotes":""},"categories":[8],"tags":[],"class_list":{"0":"post-899","1":"post","2":"type-post","3":"status-publish","4":"format-standard","5":"has-post-thumbnail","7":"category-consommation"},"_links":{"self":[{"href":"https:\/\/cuberg.net\/fr\/wp-json\/wp\/v2\/posts\/899","targetHints":{"allow":["GET"]}}],"collection":[{"href":"https:\/\/cuberg.net\/fr\/wp-json\/wp\/v2\/posts"}],"about":[{"href":"https:\/\/cuberg.net\/fr\/wp-json\/wp\/v2\/types\/post"}],"author":[{"embeddable":true,"href":"https:\/\/cuberg.net\/fr\/wp-json\/wp\/v2\/users\/1"}],"replies":[{"embeddable":true,"href":"https:\/\/cuberg.net\/fr\/wp-json\/wp\/v2\/comments?post=899"}],"version-history":[{"count":1,"href":"https:\/\/cuberg.net\/fr\/wp-json\/wp\/v2\/posts\/899\/revisions"}],"predecessor-version":[{"id":1114,"href":"https:\/\/cuberg.net\/fr\/wp-json\/wp\/v2\/posts\/899\/revisions\/1114"}],"wp:featuredmedia":[{"embeddable":true,"href":"https:\/\/cuberg.net\/fr\/wp-json\/wp\/v2\/media\/900"}],"wp:attachment":[{"href":"https:\/\/cuberg.net\/fr\/wp-json\/wp\/v2\/media?parent=899"}],"wp:term":[{"taxonomy":"category","embeddable":true,"href":"https:\/\/cuberg.net\/fr\/wp-json\/wp\/v2\/categories?post=899"},{"taxonomy":"post_tag","embeddable":true,"href":"https:\/\/cuberg.net\/fr\/wp-json\/wp\/v2\/tags?post=899"}],"curies":[{"name":"wp","href":"https:\/\/api.w.org\/{rel}","templated":true}]}}