{"id":921,"date":"2025-08-27T08:37:00","date_gmt":"2025-08-27T06:37:00","guid":{"rendered":"https:\/\/cuberg.net\/fr\/?p=921"},"modified":"2025-08-26T17:05:29","modified_gmt":"2025-08-26T15:05:29","slug":"ces-10-prenoms-sont-associes-a-un-qi-tres-eleve-et-une-intelligence-superieure-selon-cette-etude","status":"publish","type":"post","link":"https:\/\/cuberg.net\/fr\/ces-10-prenoms-sont-associes-a-un-qi-tres-eleve-et-une-intelligence-superieure-selon-cette-etude\/","title":{"rendered":"Ces 10 pr\u00e9noms sont associ\u00e9s \u00e0 un QI tr\u00e8s \u00e9lev\u00e9 et une intelligence sup\u00e9rieure, selon cette \u00e9tude"},"content":{"rendered":"<p>Le lien entre pr\u00e9nom et intelligence a toujours suscit\u00e9 l&rsquo;int\u00e9r\u00eat des chercheurs. Une r\u00e9cente \u00e9tude men\u00e9e par EduBirdie en janvier 2023 a explor\u00e9 cette question fascinante. Les r\u00e9sultats sugg\u00e8rent une corr\u00e9lation entre certains pr\u00e9noms et un quotient intellectuel \u00e9lev\u00e9. D\u00e9couvrons ensemble ces pr\u00e9noms qui semblent \u00eatre associ\u00e9s \u00e0 une intelligence sup\u00e9rieure selon cette recherche.<\/p>\n<h2>La d\u00e9marche derri\u00e8re cette \u00e9tude sur l&rsquo;intelligence et les pr\u00e9noms<\/h2>\n<p>Pour \u00e9tablir cette liste de pr\u00e9noms li\u00e9s \u00e0 l&rsquo;intelligence, les chercheurs d&rsquo;EduBirdie ont suivi une m\u00e9thodologie rigoureuse. Ils ont analys\u00e9 plus de 900 pr\u00e9noms en se basant sur <strong>deux groupes d&rsquo;individus remarquables sur le plan intellectuel<\/strong> : les membres de Mensa et les laur\u00e9ats de Prix Nobel.<\/p>\n<p>Mensa, une organisation internationale regroupant des individus \u00e0 haut potentiel intellectuel, exige de ses membres un score de QI parmi les 2% les plus \u00e9lev\u00e9s. Cette exigence a permis d&rsquo;obtenir un \u00e9chantillon repr\u00e9sentatif de personnes dou\u00e9es intellectuellement pour l&rsquo;\u00e9tude.<\/p>\n<p>Les chercheurs ont minutieusement enregistr\u00e9 les occurrences de chaque pr\u00e9nom, en tenant compte des variations orthographiques et des diminutifs. Par exemple, \u00ab\u00a0Tom\u00a0\u00bb a \u00e9t\u00e9 inclus dans l&rsquo;analyse de \u00ab\u00a0Thomas\u00a0\u00bb, et \u00ab\u00a0Will\u00a0\u00bb dans celle de \u00ab\u00a0William\u00a0\u00bb. Cette approche a offert <strong>une vision plus pr\u00e9cise de la r\u00e9partition des pr\u00e9noms<\/strong> parmi les individus consid\u00e9r\u00e9s comme brillants.<\/p>\n<p>Il est important de noter que cette \u00e9tude \u00e9tablit des corr\u00e9lations et non des liens de cause \u00e0 effet. D&rsquo;autres facteurs tels que l&rsquo;\u00e9poque de naissance ou l&rsquo;environnement socioculturel pourraient expliquer ces associations.<\/p>\n<h2>Les pr\u00e9noms masculins les plus associ\u00e9s \u00e0 un haut QI<\/h2>\n<p>L&rsquo;\u00e9tude r\u00e9v\u00e8le que les pr\u00e9noms masculins dominent largement la liste des pr\u00e9noms associ\u00e9s \u00e0 l&rsquo;intelligence. <strong>Le pr\u00e9nom John (\u00e9quivalent anglais de Jean) se classe en t\u00eate<\/strong>, rappelant des penseurs renomm\u00e9s comme John Locke, consid\u00e9r\u00e9 comme le p\u00e8re du lib\u00e9ralisme, ou Jean-Jacques Rousseau.<\/p>\n<p>Voici le top 5 des pr\u00e9noms masculins associ\u00e9s \u00e0 un QI \u00e9lev\u00e9 selon cette \u00e9tude :<\/p>\n<table>\n<tr>\n<th>Rang<\/th>\n<th>Pr\u00e9nom<\/th>\n<th>Personnalit\u00e9 embl\u00e9matique<\/th>\n<\/tr>\n<tr>\n<td>1<\/td>\n<td>John\/Jean<\/td>\n<td>John Locke, philosophe<\/td>\n<\/tr>\n<tr>\n<td>2<\/td>\n<td>Robert<\/td>\n<td>Robert Oppenheimer, physicien<\/td>\n<\/tr>\n<tr>\n<td>3<\/td>\n<td>William<\/td>\n<td>William Shakespeare, \u00e9crivain<\/td>\n<\/tr>\n<tr>\n<td>4<\/td>\n<td>James<\/td>\n<td>James Watson, biologiste<\/td>\n<\/tr>\n<tr>\n<td>5<\/td>\n<td>Thomas<\/td>\n<td>Thomas Edison, inventeur<\/td>\n<\/tr>\n<\/table>\n<p>D&rsquo;autres pr\u00e9noms masculins se d\u00e9marquent \u00e9galement dans cette \u00e9tude, tels que :<\/p>\n<ul>\n<li>Guillaume, version fran\u00e7aise de William<\/li>\n<li>George, port\u00e9 par de nombreux scientifiques<\/li>\n<li>Richard, \u00e9voquant Richard Feynman<\/li>\n<li>Charles, rappelant Charles Darwin<\/li>\n<li>Carl\/Karl, comme Carl Jung<\/li>\n<\/ul>\n<p>Ces r\u00e9sultats soul\u00e8vent des interrogations int\u00e9ressantes sur <em>les influences culturelles et historiques dans notre perception de l&rsquo;intelligence<\/em>. La pr\u00e9dominance de certains pr\u00e9noms peut \u00e9galement refl\u00e9ter leur popularit\u00e9 \u00e0 des \u00e9poques o\u00f9 l&rsquo;acc\u00e8s \u00e0 l&rsquo;enseignement sup\u00e9rieur \u00e9tait plus r\u00e9pandu pour certaines cat\u00e9gories sociales.<\/p>\n<h2>Quels pr\u00e9noms f\u00e9minins sont associ\u00e9s \u00e0 une intelligence sup\u00e9rieure?<\/h2>\n<p>Malgr\u00e9 leur moindre nombre dans le classement global, plusieurs pr\u00e9noms f\u00e9minins se distinguent par leur association \u00e0 des femmes visionnaires et brillantes. <strong>Le pr\u00e9nom Marie se classe en t\u00eate des pr\u00e9noms f\u00e9minins<\/strong>, \u00e9voquant imm\u00e9diatement Marie Curie, double laur\u00e9ate du prix Nobel et ic\u00f4ne de la science.<\/p>\n<p>Elizabeth figure \u00e9galement dans ce classement, rappelant des figures telles qu&rsquo;Elizabeth Blackwell, premi\u00e8re femme m\u00e9decin aux \u00c9tats-Unis. Le pr\u00e9nom Ada, en hommage \u00e0 Ada Lovelace, pionni\u00e8re de l&rsquo;informatique, met en lumi\u00e8re l&rsquo;importance de ces femmes novatrices dans leurs domaines respectifs.<\/p>\n<p>D&rsquo;autres pr\u00e9noms f\u00e9minins comme H\u00e9l\u00e8ne, Suzanne, Barbara, Ir\u00e8ne, Jeanne et Nadia compl\u00e8tent cette liste. Ces associations refl\u00e8tent <em>la croissance de l&rsquo;importance des femmes dans les milieux intellectuels et scientifiques<\/em>, malgr\u00e9 les obstacles historiques \u00e0 leur reconnaissance.<\/p>\n<p>Cette \u00e9tude nous pousse \u00e0 r\u00e9fl\u00e9chir sur nos propres pr\u00e9jug\u00e9s concernant les pr\u00e9noms et leur possible impact sur nos perceptions. L&rsquo;intelligence se manifeste de diverses mani\u00e8res et d\u00e9passe largement la question du pr\u00e9nom. Chaque individu poss\u00e8de un potentiel unique qui m\u00e9rite d&rsquo;\u00eatre reconnu et d\u00e9velopp\u00e9, ind\u00e9pendamment de son appellation.<\/p>\n","protected":false},"excerpt":{"rendered":"<p>Le lien entre pr\u00e9nom et intelligence a toujours suscit\u00e9 l&rsquo;int\u00e9r\u00eat des chercheurs. Une r\u00e9cente \u00e9tude men\u00e9e par EduBirdie en janvier 2023 a explor\u00e9 cette question fascinante. Les r\u00e9sultats sugg\u00e8rent une corr\u00e9lation entre certains pr\u00e9noms et un quotient intellectuel \u00e9lev\u00e9. D\u00e9couvrons ensemble ces pr\u00e9noms qui semblent \u00eatre associ\u00e9s \u00e0 une intelligence sup\u00e9rieure selon cette recherche. La [&hellip;]<\/p>\n","protected":false},"author":1,"featured_media":922,"comment_status":"open","ping_status":"open","sticky":false,"template":"","format":"standard","meta":{"_seopress_robots_primary_cat":"","_seopress_titles_title":"","_seopress_titles_desc":"","_seopress_robots_index":"","footnotes":""},"categories":[7],"tags":[],"class_list":{"0":"post-921","1":"post","2":"type-post","3":"status-publish","4":"format-standard","5":"has-post-thumbnail","7":"category-societe"},"_links":{"self":[{"href":"https:\/\/cuberg.net\/fr\/wp-json\/wp\/v2\/posts\/921","targetHints":{"allow":["GET"]}}],"collection":[{"href":"https:\/\/cuberg.net\/fr\/wp-json\/wp\/v2\/posts"}],"about":[{"href":"https:\/\/cuberg.net\/fr\/wp-json\/wp\/v2\/types\/post"}],"author":[{"embeddable":true,"href":"https:\/\/cuberg.net\/fr\/wp-json\/wp\/v2\/users\/1"}],"replies":[{"embeddable":true,"href":"https:\/\/cuberg.net\/fr\/wp-json\/wp\/v2\/comments?post=921"}],"version-history":[{"count":1,"href":"https:\/\/cuberg.net\/fr\/wp-json\/wp\/v2\/posts\/921\/revisions"}],"predecessor-version":[{"id":1016,"href":"https:\/\/cuberg.net\/fr\/wp-json\/wp\/v2\/posts\/921\/revisions\/1016"}],"wp:featuredmedia":[{"embeddable":true,"href":"https:\/\/cuberg.net\/fr\/wp-json\/wp\/v2\/media\/922"}],"wp:attachment":[{"href":"https:\/\/cuberg.net\/fr\/wp-json\/wp\/v2\/media?parent=921"}],"wp:term":[{"taxonomy":"category","embeddable":true,"href":"https:\/\/cuberg.net\/fr\/wp-json\/wp\/v2\/categories?post=921"},{"taxonomy":"post_tag","embeddable":true,"href":"https:\/\/cuberg.net\/fr\/wp-json\/wp\/v2\/tags?post=921"}],"curies":[{"name":"wp","href":"https:\/\/api.w.org\/{rel}","templated":true}]}}