{"id":927,"date":"2025-08-22T07:30:00","date_gmt":"2025-08-22T05:30:00","guid":{"rendered":"https:\/\/cuberg.net\/fr\/?p=927"},"modified":"2025-08-22T12:08:36","modified_gmt":"2025-08-22T10:08:36","slug":"marc-a-ete-chauffeur-routier-toute-sa-vie-aujourdhui-a-la-retraite-voici-combien-il-gagne","status":"publish","type":"post","link":"https:\/\/cuberg.net\/fr\/marc-a-ete-chauffeur-routier-toute-sa-vie-aujourdhui-a-la-retraite-voici-combien-il-gagne\/","title":{"rendered":"Marc a \u00e9t\u00e9 chauffeur routier toute sa vie : aujourd&rsquo;hui \u00e0 la retraite, voici combien il gagne"},"content":{"rendered":"<p>Apr\u00e8s de longues ann\u00e9es pass\u00e9es \u00e0 parcourir les routes de France, Marc profite d\u00e9sormais d&rsquo;une retraite bien m\u00e9rit\u00e9e. Son exp\u00e9rience refl\u00e8te celle de nombreux chauffeurs routiers qui se questionnent sur leur situation financi\u00e8re future apr\u00e8s une carri\u00e8re derri\u00e8re le volant. D\u00e9couvrons ensemble le montant de sa pension ainsi que les dispositifs sp\u00e9cifiques dont il b\u00e9n\u00e9ficie.<\/p>\n<h2>Le montant de la retraite d&rsquo;un conducteur routier en chiffres<\/h2>\n<p>Apr\u00e8s 35 ans pass\u00e9s \u00e0 conduire son poids lourd, Marc touche actuellement une <strong>pension mensuelle de 1 187 euros<\/strong>. Ce montant correspond \u00e0 la moyenne observ\u00e9e chez les chauffeurs routiers ayant travaill\u00e9 dans le secteur priv\u00e9 tout au long de leur carri\u00e8re. \u00ab\u00a0J&rsquo;ai commenc\u00e9 \u00e0 conduire \u00e0 22 ans et je n&rsquo;ai jamais rien fait d&rsquo;autre\u00a0\u00bb, confie-t-il.<\/p>\n<p>Ce montant final est d\u00e9termin\u00e9 par plusieurs facteurs :<\/p>\n<ul>\n<li>Les 25 meilleures ann\u00e9es de salaire<\/li>\n<li>Le nombre total de trimestres valid\u00e9s<\/li>\n<li>L&rsquo;\u00e2ge de d\u00e9part \u00e0 la retraite<\/li>\n<li>Le r\u00e9gime de retraite applicable<\/li>\n<\/ul>\n<p>La plupart des conducteurs, comme Marc, prennent leur retraite vers l&rsquo;\u00e2ge de 64 ans. Certains peuvent partir plus t\u00f4t s&rsquo;ils ont commenc\u00e9 tr\u00e8s jeunes ou accumul\u00e9 suffisamment de trimestres. Les chauffeurs ind\u00e9pendants suivent un parcours similaire, mais avec des variations dues \u00e0 leurs cotisations souvent irr\u00e9guli\u00e8res.<\/p>\n<p>En plus de cette pension de base, les salari\u00e9s du priv\u00e9 b\u00e9n\u00e9ficient d&rsquo;une <strong>retraite compl\u00e9mentaire g\u00e9r\u00e9e par l&rsquo;Agirc-Arrco<\/strong>. Ce compl\u00e9ment, bas\u00e9 sur un syst\u00e8me de points acquis tout au long de la carri\u00e8re, a \u00e9t\u00e9 revaloris\u00e9 cette ann\u00e9e. Les chauffeurs du secteur public ont droit \u00e0 la RAFP (Soci\u00e9t\u00e9 Additionnelle de la Fonction Publique).<\/p>\n<table>\n<tr>\n<th>Type de pension<\/th>\n<th>Montant moyen mensuel<\/th>\n<th>Organisme gestionnaire<\/th>\n<\/tr>\n<tr>\n<td>Pension de base<\/td>\n<td>850\u20ac<\/td>\n<td>Assurance retraite<\/td>\n<\/tr>\n<tr>\n<td>Compl\u00e9mentaire (priv\u00e9)<\/td>\n<td>337\u20ac<\/td>\n<td>Agirc-Arrco<\/td>\n<\/tr>\n<tr>\n<td>Total moyen<\/td>\n<td>1 187\u20ac<\/td>\n<td>&#8211;<\/td>\n<\/tr>\n<\/table>\n<h2>L&rsquo;allocation CFA : un avantage sp\u00e9cifique pour les conducteurs<\/h2>\n<p>Ce qui distingue le parcours de Marc, c&rsquo;est son acc\u00e8s \u00e0 <em>l&rsquo;allocation de Cong\u00e9 de Fin d&rsquo;Activit\u00e9<\/em> (CFA). Ce dispositif unique permet aux chauffeurs routiers de cesser leur activit\u00e9 avant l&rsquo;\u00e2ge l\u00e9gal de la retraite tout en b\u00e9n\u00e9ficiant d&rsquo;un revenu de remplacement.<\/p>\n<p>Marc explique : \u00ab\u00a0J&rsquo;ai pu arr\u00eater de conduire \u00e0 59 ans gr\u00e2ce au CFA. Vu la p\u00e9nibilit\u00e9 du m\u00e9tier, c&rsquo;\u00e9tait vraiment n\u00e9cessaire pour ma sant\u00e9.\u00a0\u00bb Pour \u00eatre \u00e9ligible \u00e0 cette allocation, il a d\u00fb remplir des <strong>conditions strictes<\/strong> :<\/p>\n<ol>\n<li>Avoir au moins 26 ans d&rsquo;exp\u00e9rience en tant que conducteur de transport de marchandises<\/li>\n<li>Atteindre l&rsquo;\u00e2ge minimum requis (59 ans depuis 2023)<\/li>\n<li>Justifier d&rsquo;une activit\u00e9 continue dans le secteur<\/li>\n<li>Soumettre un dossier complet aux organismes concern\u00e9s<\/li>\n<\/ol>\n<p>Le montant de cette allocation correspond \u00e0 <em>70% du salaire annuel brut moyen<\/em> calcul\u00e9 sur les 12 derniers mois d&rsquo;activit\u00e9. Pour Marc, cela repr\u00e9sentait environ 1 680 euros par mois pendant cette p\u00e9riode de transition, avant de passer \u00e0 sa retraite d\u00e9finitive.<\/p>\n<p>Les conducteurs de transport de voyageurs peuvent b\u00e9n\u00e9ficier d&rsquo;un taux plus \u00e9lev\u00e9 allant jusqu&rsquo;\u00e0 75%. Les convoyeurs de fonds sont soumis \u00e0 des conditions sp\u00e9cifiques avec seulement 20 ans d&rsquo;exp\u00e9rience requis, en raison des risques particuliers li\u00e9s \u00e0 leur profession.<\/p>\n<h2>Pr\u00e9parer sa retraite en sillonnant les routes<\/h2>\n<p>La planification financi\u00e8re est cruciale pour les professionnels de la route. Marc admet avoir sous-estim\u00e9 l&rsquo;importance de cette pr\u00e9paration : \u00ab\u00a0Si j&rsquo;avais su plus t\u00f4t, j&rsquo;aurais peut-\u00eatre \u00e9pargn\u00e9 davantage.\u00a0\u00bb<\/p>\n<p>Les chauffeurs routiers en activit\u00e9 peuvent am\u00e9liorer leur future pension en adoptant diff\u00e9rentes strat\u00e9gies :<\/p>\n<p>Tout d&rsquo;abord, <strong>v\u00e9rifier r\u00e9guli\u00e8rement leur relev\u00e9 de carri\u00e8re<\/strong> pour garantir que tous les trimestres sont correctement pris en compte. Ensuite, se renseigner sur des dispositifs sp\u00e9cifiques comme le CFA plusieurs ann\u00e9es avant l&rsquo;\u00e2ge pr\u00e9vu de d\u00e9part \u00e0 la retraite. Enfin, envisager des compl\u00e9ments d&rsquo;\u00e9pargne personnelle adapt\u00e9s \u00e0 leur situation.<\/p>\n<p>Pour les chauffeurs ind\u00e9pendants, la vigilance est encore plus importante en ce qui concerne la r\u00e9gularit\u00e9 des cotisations, souvent variables en fonction de l&rsquo;activit\u00e9. Marc conclut : \u00ab\u00a0Mon conseil aux jeunes chauffeurs : pensez \u00e0 votre retraite d\u00e8s le d\u00e9but, m\u00eame si cela semble lointain. Les kilom\u00e8tres d\u00e9filent rapidement!\u00a0\u00bb<\/p>\n","protected":false},"excerpt":{"rendered":"<p>Apr\u00e8s de longues ann\u00e9es pass\u00e9es \u00e0 parcourir les routes de France, Marc profite d\u00e9sormais d&rsquo;une retraite bien m\u00e9rit\u00e9e. Son exp\u00e9rience refl\u00e8te celle de nombreux chauffeurs routiers qui se questionnent sur leur situation financi\u00e8re future apr\u00e8s une carri\u00e8re derri\u00e8re le volant. D\u00e9couvrons ensemble le montant de sa pension ainsi que les dispositifs sp\u00e9cifiques dont il b\u00e9n\u00e9ficie. [&hellip;]<\/p>\n","protected":false},"author":1,"featured_media":928,"comment_status":"open","ping_status":"open","sticky":false,"template":"","format":"standard","meta":{"_seopress_robots_primary_cat":"","_seopress_titles_title":"","_seopress_titles_desc":"","_seopress_robots_index":"","footnotes":""},"categories":[7],"tags":[],"class_list":{"0":"post-927","1":"post","2":"type-post","3":"status-publish","4":"format-standard","5":"has-post-thumbnail","7":"category-societe"},"_links":{"self":[{"href":"https:\/\/cuberg.net\/fr\/wp-json\/wp\/v2\/posts\/927","targetHints":{"allow":["GET"]}}],"collection":[{"href":"https:\/\/cuberg.net\/fr\/wp-json\/wp\/v2\/posts"}],"about":[{"href":"https:\/\/cuberg.net\/fr\/wp-json\/wp\/v2\/types\/post"}],"author":[{"embeddable":true,"href":"https:\/\/cuberg.net\/fr\/wp-json\/wp\/v2\/users\/1"}],"replies":[{"embeddable":true,"href":"https:\/\/cuberg.net\/fr\/wp-json\/wp\/v2\/comments?post=927"}],"version-history":[{"count":1,"href":"https:\/\/cuberg.net\/fr\/wp-json\/wp\/v2\/posts\/927\/revisions"}],"predecessor-version":[{"id":955,"href":"https:\/\/cuberg.net\/fr\/wp-json\/wp\/v2\/posts\/927\/revisions\/955"}],"wp:featuredmedia":[{"embeddable":true,"href":"https:\/\/cuberg.net\/fr\/wp-json\/wp\/v2\/media\/928"}],"wp:attachment":[{"href":"https:\/\/cuberg.net\/fr\/wp-json\/wp\/v2\/media?parent=927"}],"wp:term":[{"taxonomy":"category","embeddable":true,"href":"https:\/\/cuberg.net\/fr\/wp-json\/wp\/v2\/categories?post=927"},{"taxonomy":"post_tag","embeddable":true,"href":"https:\/\/cuberg.net\/fr\/wp-json\/wp\/v2\/tags?post=927"}],"curies":[{"name":"wp","href":"https:\/\/api.w.org\/{rel}","templated":true}]}}